{"id":104036,"date":"2021-08-30T21:54:53","date_gmt":"2021-08-30T19:54:53","guid":{"rendered":"https:\/\/www.claret.org\/verwurzelt-und-wagemutig-zum-leiten-demuetig-und-gesegnet-zum-dienen-30-august-2021\/"},"modified":"2021-08-31T14:07:02","modified_gmt":"2021-08-31T12:07:02","slug":"verwurzelt-und-wagemutig-zum-leiten-demuetig-und-gesegnet-zum-dienen-30-august-2021","status":"publish","type":"post","link":"https:\/\/www.claret.org\/de\/verwurzelt-und-wagemutig-zum-leiten-demuetig-und-gesegnet-zum-dienen-30-august-2021\/","title":{"rendered":"Verwurzelt und wagemutig zum Leiten, dem\u00fctig und gesegnet zum Dienen (30. August 2021)"},"content":{"rendered":"<p><strong>Nemi, Italien. 30. August 2021. Ein froher und einzigartiger Tag<\/strong><\/p>\n<p>Die Kapitelsgemeinschaft geht ihren Weg weiter. Ein Kapitel kann man auf vielerlei Weise verstehen. Die Teilnehmer am jetzigen 36. Generalkapitel unserer Kongregation haben versucht zu entdecken, dass jeder Moment seine Wichtigkeit hat, vom anscheinend ganz zweitrangigen bis zum vermutlich erstrangigen. Heute war nicht einfach irgendein Tag: Im Kalender war er als Datum der Wahl des neuen Generaloberen markiert.<\/p>\n<p>Wie an anderen Tagen hie\u00df die Kapelle schon gegen sechs Uhr fr\u00fch mehrere Kapitelsteilnehmer willkommen. Etwas sp\u00e4ter, als das Allerheiligste ausgesetzt wurde, wuchs die Zahl der Kapitelsteilnehmer nach und nach. Um sieben Uhr begann die Votivmesse zum Heiligen Geist. Wie immer mischten sich die wei\u00dfen Alben mit der frohen Gegenwart der Kapitelsteilnehmer, die Br\u00fcdermissionare sind.<\/p>\n<p>Das Kapitel hatte viel zu feiern. Zusammen mit P. Ronaldo Mazulas Geburtstag (Kapitelsteilnehmer aus Brasilien) wurde freudig verk\u00fcndet, dass nach zweij\u00e4hrigen Bem\u00fchungen um ein Visung zwei Studenten aus Indien heute in ihre Missionsl\u00e4nder reisten. Zu alledem kam die Freude dar\u00fcber, dass  f\u00fcnf Mitbr\u00fcder aus Indien, die von Anfang an am Kapitel teilgenommen hatten, die verordnete Quarant\u00e4ne verlassen durften und endlich in Europa ankamen, nach ein paar Tagen Quarant\u00e4ne in Nemi zum ersten Mal zu uns in die gro\u00dfe Versammlung kommen konnten.<\/p>\n<p>P. Mathew Vattamattam, der Vorsitzende des Kapitels, war Hauptzelebrant in der Eucharistiefeier, die wie die ganze Liturgie des Tages von der Pr\u00e4fektur f\u00fcr die Ausbildung gestaltet wurde. Die Versammlung betete in mehreren Sprachen um das Licht des Heiligen Geistes.<\/p>\n<p>Mit der P\u00fcnktlichkeit, die die gesamte Versammlung auszeichnet, begannen die Kapitelsteilnehmer ihre Sitzung um 9 Uhr. Eine Stelle aus dem 21. Kapitel des Johannesevangeliums erklang zum ersten Mal w\u00e4hrend des Tages. Die Facilitatoren ermutigten die Delegierten, sich auf den tiefen Willen des Heiligen Geistes einzustellen und in Transparenz und Offenheit zu diskutieren und dabei m\u00f6gliche Vorurteile und ungerichtete Interessen in Frage zu stellen. Die freien und vertraulichen Gespr\u00e4che zu zweit wurden ebenfalls in der Kapelle in einer Gebetsatmosph\u00e4re gehalten.<\/p>\n<p>Nach einer halben Stunde Anbetung vor dem Allerheiligsten waren im Kapitelsaal nur diejenigen anwesend, die im engen Sinn das Recht dazu hatten. Dort wurden die entsprechenden Nummern der Konstitutionen und des Direktoriums der Kongregation verlesen, und die Wahl erfolgte genau nach den Anweisungen des Heiligen Stuhls. Zwei Kapitelsteilnehmer, die ihr Land nicht verlassen oder ihre Stimme per Post schicken konnten, verzichteten in aller Form auf die Aus\u00fcbung ihres Wahlrechts, so dass die Zahl der Wahlberechtigten mit 76 feststand. Der Kapitelsekret\u00e4r holte in Begleitung von zwei Kapitelsteilnehmern als Zeugen die Stimmen der beiden Mitbr\u00fcder ab, die in ihren Zimmern in Quarant\u00e4ne sind. Mathew Vattamattam,Generaloberer von 2015 bis 2021, wurde in diesen Dienst wiedergew\u00e4hlt, wobei er die n\u00f6tige Mehrheit im ersten Wahlgang erhielt.<\/p>\n<p>Nach dem festgelegten Verfahren fragte der stellvertretende Vorsitzende des Kapitels P. Gonzalo Fern\u00e1ndez den gew\u00e4hlten Generaloberen, ob er den Wunsch seiner Mitbr\u00fcder annahm. Dieser bat zuerst um einen Augenblick Stille und antwortete dann mit Ja, wobei er auf den Aufruf anspielte, im Charisma verwurzelt und im empfangenen Charisma und wagemutig in der Antwort zu sein, Was auf dem Kapitelsweg sehr betont wurde, und vertraute sich dann der Hilfe des Herrn und der Mitbr\u00fcder an. Die Versammlung erwiderte seine Worte mit einem herzlichen und dankbaren Beifall, sobald die Wahl f\u00fcr offiziell und rechtm\u00e4\u00dfig erkl\u00e4rt worden war. Alle zeigten P. Mathew ihre Achtung und Dankbarkeit, wobei sie \u2013 wegen der Covid-Ma\u00dfnahmen \u2013 auf die \u00fcblichen Umarmungen verzichteten, sondern ihn von Herzen gr\u00fc\u00dften.<\/p>\n<p>Es dauerte nur ein paar Minuten, bis die Netzwerke und Telefone dem neuen Generaloberen und der Kongregation gratulierten. Die herzlichen Gr\u00fc\u00dfe kamen aus der ganzen Welt und aus der gesamten claretinischen Familie. Die ebenfalls tiefgehende und bewegende Amtseinf\u00fchrung versammelte die gesamte Kapitelsgemeinschaft in der Kapelle, wo P. Mathew eine Gebetszeit leitete und um den Segen der Versammlung bat.<\/p>\n<p>Nach einem einfachen Mittagessen in einer deutlich frohen Atmosph\u00e4re nahmen die Kapitelsteilnehmer ihre Arbeit im Klasszimmer wieder auf, nachdem sie eine halbe Stunde l\u00e4nger Pause hatten. In der Nachmittagssitzung diskutierten sie auf Bitten von P. General die Struktur, die ihre Leitung in den kommenden Jahren haben sollte. Mit der Generalleitung werden sie sich in den n\u00e4chsten Tagen befassen.<\/p>\n<p>Die Feier der Vesper und das gl\u00fcckliche Ergebnis des Corona-Test f\u00fcr alle Kapitelsteilnehmer beendete einen intensiven, aber vor allem frohen Tag. Die Kapitelsgemeinschaft sagt heute zusammen mit Tausenden M\u00e4nnern und Frauen auf der ganzen Welt: <em>Magnificat!<\/em><\/p>\n<p>&nbsp;<\/p>\n<p>[envira-gallery id=&#8220;103960&#8243;]<\/p>\n<p>&nbsp;<\/p>\n<p>&nbsp;<\/p>\n<p>&nbsp;<\/p>\n","protected":false},"excerpt":{"rendered":"<p>Nemi, Italien. 30. August 2021. Ein froher und einzigartiger Tag Die Kapitelsgemeinschaft geht ihren Weg weiter. Ein Kapitel kann man auf vielerlei Weise verstehen. Die Teilnehmer am jetzigen 36. Generalkapitel unserer Kongregation haben versucht zu entdecken, dass jeder Moment seine Wichtigkeit hat, vom anscheinend ganz zweitrangigen bis zum vermutlich erstrangigen. Heute war nicht einfach irgendein [&hellip;]<\/p>\n","protected":false},"author":1,"featured_media":103969,"comment_status":"closed","ping_status":"closed","sticky":false,"template":"","format":"standard","meta":{"_et_pb_use_builder":"","_et_pb_old_content":"","_et_gb_content_width":"","footnotes":""},"categories":[2522,513,520,1196,536,1203,604],"tags":[],"class_list":["post-104036","post","type-post","status-publish","format-standard","has-post-thumbnail","hentry","category-xxvi-generalkapitel","category-generalkapitel","category-generalgouvernement","category-generaloberinnen","category-kongregation","category-mathew-vattamattam-de","category-anschlagbrett"],"jetpack_featured_media_url":"https:\/\/i0.wp.com\/www.claret.org\/wp-content\/uploads\/2021\/08\/Cover-11.png?fit=700%2C400&ssl=1","jetpack_sharing_enabled":true,"jetpack_shortlink":"https:\/\/wp.me\/pdaBmi-r40","jetpack_likes_enabled":true,"_links":{"self":[{"href":"https:\/\/www.claret.org\/de\/wp-json\/wp\/v2\/posts\/104036","targetHints":{"allow":["GET"]}}],"collection":[{"href":"https:\/\/www.claret.org\/de\/wp-json\/wp\/v2\/posts"}],"about":[{"href":"https:\/\/www.claret.org\/de\/wp-json\/wp\/v2\/types\/post"}],"author":[{"embeddable":true,"href":"https:\/\/www.claret.org\/de\/wp-json\/wp\/v2\/users\/1"}],"replies":[{"embeddable":true,"href":"https:\/\/www.claret.org\/de\/wp-json\/wp\/v2\/comments?post=104036"}],"version-history":[{"count":0,"href":"https:\/\/www.claret.org\/de\/wp-json\/wp\/v2\/posts\/104036\/revisions"}],"wp:featuredmedia":[{"embeddable":true,"href":"https:\/\/www.claret.org\/de\/wp-json\/wp\/v2\/media\/103969"}],"wp:attachment":[{"href":"https:\/\/www.claret.org\/de\/wp-json\/wp\/v2\/media?parent=104036"}],"wp:term":[{"taxonomy":"category","embeddable":true,"href":"https:\/\/www.claret.org\/de\/wp-json\/wp\/v2\/categories?post=104036"},{"taxonomy":"post_tag","embeddable":true,"href":"https:\/\/www.claret.org\/de\/wp-json\/wp\/v2\/tags?post=104036"}],"curies":[{"name":"wp","href":"https:\/\/api.w.org\/{rel}","templated":true}]}}