{"id":104182,"date":"2021-09-01T08:33:52","date_gmt":"2021-09-01T06:33:52","guid":{"rendered":"https:\/\/www.claret.org\/ein-team-bilden-31-august-2021\/"},"modified":"2021-09-01T08:33:52","modified_gmt":"2021-09-01T06:33:52","slug":"ein-team-bilden-31-august-2021","status":"publish","type":"post","link":"https:\/\/www.claret.org\/de\/ein-team-bilden-31-august-2021\/","title":{"rendered":"Ein Team bilden (31. August 2021)"},"content":{"rendered":"<p style=\"text-align: left;\" align=\"justify\"><b>Nemi (Italien), 31. August 2021.<\/b> Die erste Zusammenkunft des Kapitels am heutigen letzten Tag des August fand um den Altar des Herrn statt. Heute war Juan Carlos Bartra, der Provinzial von Peru\/Boli\u00advien, Hauptzelebrant. Er bat uns, f\u00fcr alle Gemeinschaften der Kongregation zu beten. Jede von ihnen sei eine apostolische Zelle, eine kleine Hauskirche, wo das Evangelium zu Leben und Mission wird.<\/p>\n<p style=\"text-align: left;\" align=\"justify\">Vom Gebet f\u00fcr die Gemeinschaften auf der ganzen Welt gingen wir \u00fcber zur Entscheidungsfindung \u00fcber die Organisation und das Profil des neuen Leitungsteams, das in Zusammenarbeit mit P. Mathew Vattamattam die Kongregation in den n\u00e4chsten sechs Jahren f\u00fchren wird. Nachdem der j\u00fcngst gew\u00e4hlte Generalobere seinen Organisationsvorschlag vorgestellt hatte, erklangen im Kapitelsaal Stimmen aus allen Kontinenten. Die Worte der letzten Tage haben eine neue Farbe bekommen. Es ist die Stunde ge\u00adkommen, in der die Tr\u00e4ume Gestalt anzunehmen beginnen, und wie wir es seit Beginn des Kapitels machten, hat ein zweifaches Gespr\u00e4ch die ganze Energie kanalisiert.<\/p>\n<p style=\"text-align: left;\" align=\"justify\">Das erste Gespr\u00e4ch hat sich im Saal entfaltet; n\u00e4mlich in einem reichen Austausch von Ideen und Vor\u00adschl\u00e4gen, in dem die Kapitelsteilnehmer den Vorschlag einer Leitungsstruktur annahmen, die der der letzten sechs Jahre sehr \u00e4hnlich ist. Zweitens begaben wir uns in die Kapelle, wo man vertrauliche Ge\u00adspr\u00e4che in Vierergruppen hatte. Es ging darum, einander zu helfen herauszufinden, wer die geeignets\u00adten Personen waren, um das Leitungsteam zu bilden. Die Frucht des Vormittags hat sich in der Durch\u00adf\u00fchrung einer Befragung oder Sondierung mit den Namen derer, die Generalkonsultoren und Pr\u00e4fekten werden k\u00f6nnten.<\/p>\n<p style=\"text-align: left;\" align=\"justify\">Die Nachmittagssitzung, die von P. Rosendo Urrabazo moderiert wurde, befasste sich mit Angelegen\u00adheiten rechtlicher Art in Bezug auf die Bildung von Provinzen und Delegationen sowie um die Vertre\u00adtung der h\u00f6heren Organismen beim Generalkapitel. Trotz der Komplexit\u00e4t des Themas gelang es, alle Fragen zu kl\u00e4ren und mit der erforderlichen Kompetenz zu behandeln und f\u00fcr alle zufriedenstellende \u00dcbereinkommen zu erreichen. Das Kapitel hat eine optimale Teamarbeit geleistet.<\/p>\n<p style=\"text-align: left;\" align=\"justify\">Wir haben den Tag beschlossen, indem wir f\u00fcr die Provinz Peru\/Bolivien beteten und f\u00fcr ihre missiona\u00adrische Arbeit dankten. Morgen erwartet und der \u201eWahltag\u201c, der Tag, an dem die Generalkonsultoren ge\u00adw\u00e4hlt werden. Wir z\u00e4hlen auf euer Gebet.<\/p>\n<p>&nbsp;<\/p>\n<p>[envira-gallery id=&#8220;104038&#8243;]<\/p>\n","protected":false},"excerpt":{"rendered":"<p>Nemi (Italien), 31. August 2021. Die erste Zusammenkunft des Kapitels am heutigen letzten Tag des August fand um den Altar des Herrn statt. Heute war Juan Carlos Bartra, der Provinzial von Peru\/Boli\u00advien, Hauptzelebrant. Er bat uns, f\u00fcr alle Gemeinschaften der Kongregation zu beten. Jede von ihnen sei eine apostolische Zelle, eine kleine Hauskirche, wo das [&hellip;]<\/p>\n","protected":false},"author":1,"featured_media":104084,"comment_status":"closed","ping_status":"closed","sticky":false,"template":"","format":"standard","meta":{"_et_pb_use_builder":"","_et_pb_old_content":"","_et_gb_content_width":"","footnotes":""},"categories":[2522,513,536,604],"tags":[],"class_list":["post-104182","post","type-post","status-publish","format-standard","has-post-thumbnail","hentry","category-xxvi-generalkapitel","category-generalkapitel","category-kongregation","category-anschlagbrett"],"jetpack_featured_media_url":"https:\/\/i0.wp.com\/www.claret.org\/wp-content\/uploads\/2021\/09\/Cover.png?fit=700%2C400&ssl=1","jetpack_sharing_enabled":true,"jetpack_shortlink":"https:\/\/wp.me\/pdaBmi-r6m","jetpack_likes_enabled":true,"_links":{"self":[{"href":"https:\/\/www.claret.org\/de\/wp-json\/wp\/v2\/posts\/104182","targetHints":{"allow":["GET"]}}],"collection":[{"href":"https:\/\/www.claret.org\/de\/wp-json\/wp\/v2\/posts"}],"about":[{"href":"https:\/\/www.claret.org\/de\/wp-json\/wp\/v2\/types\/post"}],"author":[{"embeddable":true,"href":"https:\/\/www.claret.org\/de\/wp-json\/wp\/v2\/users\/1"}],"replies":[{"embeddable":true,"href":"https:\/\/www.claret.org\/de\/wp-json\/wp\/v2\/comments?post=104182"}],"version-history":[{"count":0,"href":"https:\/\/www.claret.org\/de\/wp-json\/wp\/v2\/posts\/104182\/revisions"}],"wp:featuredmedia":[{"embeddable":true,"href":"https:\/\/www.claret.org\/de\/wp-json\/wp\/v2\/media\/104084"}],"wp:attachment":[{"href":"https:\/\/www.claret.org\/de\/wp-json\/wp\/v2\/media?parent=104182"}],"wp:term":[{"taxonomy":"category","embeddable":true,"href":"https:\/\/www.claret.org\/de\/wp-json\/wp\/v2\/categories?post=104182"},{"taxonomy":"post_tag","embeddable":true,"href":"https:\/\/www.claret.org\/de\/wp-json\/wp\/v2\/tags?post=104182"}],"curies":[{"name":"wp","href":"https:\/\/api.w.org\/{rel}","templated":true}]}}