{"id":105890,"date":"2021-09-21T00:00:35","date_gmt":"2021-09-20T22:00:35","guid":{"rendered":"https:\/\/www.claret.org\/diakonatsweihe-in-sri-lanka\/"},"modified":"2021-09-21T14:50:33","modified_gmt":"2021-09-21T12:50:33","slug":"diakonatsweihe-in-sri-lanka","status":"publish","type":"post","link":"https:\/\/www.claret.org\/de\/diakonatsweihe-in-sri-lanka\/","title":{"rendered":"Diakonatsweihe in Sri Lanka"},"content":{"rendered":"<p style=\"text-align: left;\"><strong>Kandy, Sri Lanka<\/strong>. Die Studenten Kirubanantharajah Annroy Aravinth CMF and Thevapalan Patrick Johnson CMF aus der unabh\u00e4ngigen St.Joseph Vaz-Delegation wurden am 9.September 2021 um elf Uhr vormittags von Bischof Dr. Winston Fernando SSS von Badulla zu Diakonen geweiht. Der Bischof sprach in seiner Ansprache vom Dienst der Diakone und von der Beziehung zum Volk Gottes. Er empfahl nachdr\u00fccklich die Tugenden des Gemeinschaftslebens: gemeinsames Gebet, gemeinsame Mahlzeiten, gemeinsamer Tisch, Gehorsam gegen\u00fcber den Oberen, Keuschheit und evangeliumsgem\u00e4\u00dfe Armut.<\/p>\n<p style=\"text-align: left;\">Infolge der Lage des Landes waren nur ein paar Claretiner und einige Angeh\u00f6rige der Diakone bei dem Anlass anwesend. Andere waren im Gebet verbunden. Die neuen Diakone studierten Philosphie im Franz Xaver-Seminar in Jaffna und Theologie am Nationalen Seminar in Ampithiya (Kandy).<\/p>\n<p style=\"text-align: right;\"><em>Von P. J. Dilan Rojan CMF<\/em><\/p>\n<p>&nbsp;<\/p>\n<p>[envira-gallery id=&#8220;105753&#8243;]<\/p>\n","protected":false},"excerpt":{"rendered":"<p>Kandy, Sri Lanka. Die Studenten Kirubanantharajah Annroy Aravinth CMF and Thevapalan Patrick Johnson CMF aus der unabh\u00e4ngigen St.Joseph Vaz-Delegation wurden am 9.September 2021 um elf Uhr vormittags von Bischof Dr. Winston Fernando SSS von Badulla zu Diakonen geweiht. Der Bischof sprach in seiner Ansprache vom Dienst der Diakone und von der Beziehung zum Volk Gottes. [&hellip;]<\/p>\n","protected":false},"author":1,"featured_media":105749,"comment_status":"closed","ping_status":"closed","sticky":false,"template":"","format":"standard","meta":{"_et_pb_use_builder":"","_et_pb_old_content":"","_et_gb_content_width":"","footnotes":""},"categories":[604,245,576],"tags":[],"class_list":["post-105890","post","type-post","status-publish","format-standard","has-post-thumbnail","hentry","category-anschlagbrett","category-st-joseph-vaz-de","category-ordinationen"],"jetpack_featured_media_url":"https:\/\/i0.wp.com\/www.claret.org\/wp-content\/uploads\/2021\/09\/Portada-web-Ordination-in-Sri-Lanka-09092021.png?fit=700%2C400&ssl=1","jetpack_sharing_enabled":true,"jetpack_shortlink":"https:\/\/wp.me\/pdaBmi-rxU","jetpack_likes_enabled":true,"_links":{"self":[{"href":"https:\/\/www.claret.org\/de\/wp-json\/wp\/v2\/posts\/105890","targetHints":{"allow":["GET"]}}],"collection":[{"href":"https:\/\/www.claret.org\/de\/wp-json\/wp\/v2\/posts"}],"about":[{"href":"https:\/\/www.claret.org\/de\/wp-json\/wp\/v2\/types\/post"}],"author":[{"embeddable":true,"href":"https:\/\/www.claret.org\/de\/wp-json\/wp\/v2\/users\/1"}],"replies":[{"embeddable":true,"href":"https:\/\/www.claret.org\/de\/wp-json\/wp\/v2\/comments?post=105890"}],"version-history":[{"count":0,"href":"https:\/\/www.claret.org\/de\/wp-json\/wp\/v2\/posts\/105890\/revisions"}],"wp:featuredmedia":[{"embeddable":true,"href":"https:\/\/www.claret.org\/de\/wp-json\/wp\/v2\/media\/105749"}],"wp:attachment":[{"href":"https:\/\/www.claret.org\/de\/wp-json\/wp\/v2\/media?parent=105890"}],"wp:term":[{"taxonomy":"category","embeddable":true,"href":"https:\/\/www.claret.org\/de\/wp-json\/wp\/v2\/categories?post=105890"},{"taxonomy":"post_tag","embeddable":true,"href":"https:\/\/www.claret.org\/de\/wp-json\/wp\/v2\/tags?post=105890"}],"curies":[{"name":"wp","href":"https:\/\/api.w.org\/{rel}","templated":true}]}}