{"id":109928,"date":"2021-12-21T14:55:32","date_gmt":"2021-12-21T13:55:32","guid":{"rendered":"https:\/\/www.claret.org\/?p=109928"},"modified":"2021-12-27T12:58:59","modified_gmt":"2021-12-27T11:58:59","slug":"mit-einem-herzen-fuer-gott","status":"publish","type":"post","link":"https:\/\/www.claret.org\/de\/mit-einem-herzen-fuer-gott\/","title":{"rendered":"MIT EINEM HERZEN F\u00dcR GOTT"},"content":{"rendered":"<p>MIT EINEM HERZEN F\u00dcR GOTT<\/p>\n<p style=\"text-align: justify;\"><strong>Gustavo Alonso und Jos\u00e9 Rovira cmf im Gespr\u00e4ch unter den Br\u00fcdern.<\/strong><\/p>\n<p style=\"text-align: justify;\">Die Provinz San Jos\u00e9 del Sur und das Zentrum f\u00fcr Claretinische Spiritualit\u00e4t (Vic) haben zusammengearbeitet, um ein unver\u00f6ffentlichtes Material zur Ehren unseres zehnten Generalobers P. Gustavo Alonso Taborda, cmf zu erstellen.<\/p>\n<p style=\"text-align: justify;\">Darin k\u00f6nnen wir der heiteren Gegenwart von Pater Gustavo wieder begegnen. Er erz\u00e4hlt uns von seinen famili\u00e4ren Wurzeln, seiner Arbeit als Ausbilder, der Rezeption des Zweiten Vatikanischen Konzils, der Anpassung an die konziliaren Normen und der Aktualisierung der Konstitution der CMF und andere Themen.<\/p>\n<p style=\"text-align: justify;\">Das Material wird auch durch die Kommentare der Generaloberen und junge Missionare bereichert, die dazu beitragen, die Bedeutung von P. Gustavo Alonso f\u00fcr das Leben der Kongregation hervorzuheben, sowohl aus der Sicht derer, die diese Ver\u00e4nderungen hautnah miterlebt haben, als auch aus der Sicht der neuen Generation der Missionare.<\/p>\n<p style=\"text-align: justify;\">Wir erwarten euch zur Premiere am Dienstag, 21. Dezember, um 20:00 Uhr (arg) durch den Youtube-Kanal von Claretianos del Sur. <a href=\"https:\/\/www.youtube.com\/user\/CMFCordoba\/videos\" rel=\"nofollow noopener\" target=\"_blank\">https:\/\/www.youtube.com\/user\/CMFCordoba\/videos<\/a><\/p>\n","protected":false},"excerpt":{"rendered":"<p>MIT EINEM HERZEN F\u00dcR GOTT Gustavo Alonso und Jos\u00e9 Rovira cmf im Gespr\u00e4ch unter den Br\u00fcdern. Die Provinz San Jos\u00e9 del Sur und das Zentrum f\u00fcr Claretinische Spiritualit\u00e4t (Vic) haben zusammengearbeitet, um ein unver\u00f6ffentlichtes Material zur Ehren unseres zehnten Generalobers P. Gustavo Alonso Taborda, cmf zu erstellen. Darin k\u00f6nnen wir der heiteren Gegenwart von Pater [&hellip;]<\/p>\n","protected":false},"author":183,"featured_media":109809,"comment_status":"closed","ping_status":"closed","sticky":false,"template":"","format":"standard","meta":{"_et_pb_use_builder":"","_et_pb_old_content":"","_et_gb_content_width":"","footnotes":""},"categories":[355,1196,4382,536,392],"tags":[],"class_list":["post-109928","post","type-post","status-publish","format-standard","has-post-thumbnail","hentry","category-amerika","category-generaloberinnen","category-gustavo-alonso-de","category-kongregation","category-san-jose-del-sur-de"],"jetpack_featured_media_url":"https:\/\/i0.wp.com\/www.claret.org\/wp-content\/uploads\/2021\/12\/webtube.png?fit=1000%2C563&ssl=1","jetpack_sharing_enabled":true,"jetpack_shortlink":"https:\/\/wp.me\/pdaBmi-sB2","jetpack_likes_enabled":true,"_links":{"self":[{"href":"https:\/\/www.claret.org\/de\/wp-json\/wp\/v2\/posts\/109928","targetHints":{"allow":["GET"]}}],"collection":[{"href":"https:\/\/www.claret.org\/de\/wp-json\/wp\/v2\/posts"}],"about":[{"href":"https:\/\/www.claret.org\/de\/wp-json\/wp\/v2\/types\/post"}],"author":[{"embeddable":true,"href":"https:\/\/www.claret.org\/de\/wp-json\/wp\/v2\/users\/183"}],"replies":[{"embeddable":true,"href":"https:\/\/www.claret.org\/de\/wp-json\/wp\/v2\/comments?post=109928"}],"version-history":[{"count":0,"href":"https:\/\/www.claret.org\/de\/wp-json\/wp\/v2\/posts\/109928\/revisions"}],"wp:featuredmedia":[{"embeddable":true,"href":"https:\/\/www.claret.org\/de\/wp-json\/wp\/v2\/media\/109809"}],"wp:attachment":[{"href":"https:\/\/www.claret.org\/de\/wp-json\/wp\/v2\/media?parent=109928"}],"wp:term":[{"taxonomy":"category","embeddable":true,"href":"https:\/\/www.claret.org\/de\/wp-json\/wp\/v2\/categories?post=109928"},{"taxonomy":"post_tag","embeddable":true,"href":"https:\/\/www.claret.org\/de\/wp-json\/wp\/v2\/tags?post=109928"}],"curies":[{"name":"wp","href":"https:\/\/api.w.org\/{rel}","templated":true}]}}