{"id":111867,"date":"2022-02-02T12:00:26","date_gmt":"2022-02-02T11:00:26","guid":{"rendered":"https:\/\/www.claret.org\/videobotschaft-zum-welttag-des-gottgeweihten-lebens\/"},"modified":"2022-02-02T12:00:26","modified_gmt":"2022-02-02T11:00:26","slug":"videobotschaft-zum-welttag-des-gottgeweihten-lebens","status":"publish","type":"post","link":"https:\/\/www.claret.org\/de\/videobotschaft-zum-welttag-des-gottgeweihten-lebens\/","title":{"rendered":"Videobotschaft zum Welttag des gottgeweihten Lebens"},"content":{"rendered":"<p>Liebe Br\u00fcder,<\/p>\n<p>Wir w\u00fcnschen euch ein frohes Fest der Darstellung des Herrn und den Tag des geweihten Lebens.<\/p>\n<p>In der ersten Februarwoche feiern wir verschiedene Ereignisse, die die unterschiedlichen Dimensionen unserer missionarischen Berufung vertiefen. Ich denke an drei Ereignisse in dieser Woche, die f\u00fcr uns sehr bedeutsam sind.<\/p>\n<p>Das erste ist der Gedenktag der Claretiner-M\u00e4rtyrer am ersten Februar. Unsere 184 M\u00e4rtyrerbr\u00fcder, die seliggesprochen wurden, und diejenigen, deren Fall bearbeitet wird, sowie viele weitere, die nicht seliggesprochen wurden, aber das gleiche Geheimnis gelebt haben, ihr Blut f\u00fcr Christus zu vergie\u00dfen. Dies ist auch der Tag, an dem unser Gr\u00fcnder wegen seines Einsatzes gegen Sklaverei und Diskriminierung in Kuba von einem Attent\u00e4ter brutal verwundet wurde. An der Seite Christi f\u00fcr die W\u00fcrde jedes Menschen einzutreten, ist den Preis wert, den wir daf\u00fcr zahlen. Unsere M\u00e4rtyrer inspirieren uns, inmitten von Schwierigkeiten mutig zu sein.<\/p>\n<p>Am zweiten Februar feiern wir den Tag des geweihten Volkes am Fest der Darstellung des Herrn. Dies ist ein Tag, an dem wir dem Herrn f\u00fcr unser geweihtes Leben danken. Der Herr hat uns ein Charisma gegeben, das das geweihte Leben in der Kirche wertsch\u00e4tzt und f\u00f6rdert. Es ist unser Charisma, das uns dazu gebracht hat, die sechs Institute des geweihten Lebens auf vier Kontinenten zu gr\u00fcnden. Wir leben in einer Zeit, in der das gottgeweihte Leben oft als veraltet und die Gel\u00fcbde als entmenschlichend bel\u00e4chelt werden. Ohne in Christus verwurzelt zu sein, k\u00f6nnen wir unser geweihtes Leben nicht mit K\u00fchnheit als ein gegenkulturelles Zeichen in der Welt leben. Argumente werden niemanden \u00fcberzeugen, aber ein Lebenszeugnis, das Freude, innere Freiheit, Vertrautheit mit dem Herrn, br\u00fcderliches Leben in der Gemeinschaft und selbstlose Hingabe an die Mission, die unsere Lebensform verk\u00f6rpert, ausstrahlt, wird es.<\/p>\n<p>In diesem Jahr hat der Papst uns aufgerufen, den geweihten Frauen in der Kirche besondere Aufmerksamkeit zu schenken. Wir sollten uns eingestehen, dass wir die Sch\u00f6nheit ihres geweihten Lebens und das enorme Gute, das sie in der Kirche tun, oft nicht sch\u00e4tzen und w\u00fcrdigen. Wir sollten sie im Leben und in der Mission gleichwertig sch\u00e4tzen und unsere gegenseitige Komplementarit\u00e4t wertsch\u00e4tzen. Ich habe gesehen, wie Klerikalismus, geistliche Weltlichkeit und ein falsches Gef\u00fchl der m\u00e4nnlichen \u00dcberlegenheit unsere M\u00e4nner manchmal blind machen f\u00fcr die Wahrheit und Sch\u00f6nheit der Berufung und der Mission der Ordensfrauen.  Bem\u00fchen wir uns in diesem Jahr, diese gro\u00dfen Evangelisiererinnen mit den Augen Christi zu sehen und arbeiten wir gemeinsam mit ihnen im Weinberg des Herrn als seine Br\u00fcder und Schwestern, unserem Familienweinberg, der Kirche.<\/p>\n<p>Am 4. Januar ist der Todestag des ehrw\u00fcrdigen Pater Clotet, dem Mitbegr\u00fcnder unserer geliebten Kongregation. Im Juli, am 25. Juli, j\u00e4hrt sich seine Geburt zum 200. Als J\u00fcngster in der Gruppe kannte Clotet unseren Gr\u00fcnder und seinen Geist sehr gut. Er war drei\u00dfig Jahre lang, von 1858 bis 1888, Untergeneraldirektor. Wir sind alle in dieser Linie, die sich Claret anschlie\u00dft, und brennen heute vor Liebe. Diese Feiern entfachen das Feuer in uns und stauben die m\u00f6gliche Asche der Weltlichkeit ab, die darin schwelen mag.<\/p>\n<p>Es gibt eine Sache, die allen drei genannten Ereignissen gemeinsam ist. Es ist die Verwurzelung in Christus. Ohne sie gibt es weder die K\u00fchnheit des Martyriums, noch ein authentisches geweihtes Leben, noch das Feuer des claretinischen Charismas. Lasst uns danach streben, in Christus verwurzelt und k\u00fchn in der Mission zu sein.<\/p>\n<p>Mathew Vattamattam, CMF<\/p>\n","protected":false},"excerpt":{"rendered":"<p>Liebe Br\u00fcder, Wir w\u00fcnschen euch ein frohes Fest der Darstellung des Herrn und den Tag des geweihten Lebens. In der ersten Februarwoche feiern wir verschiedene Ereignisse, die die unterschiedlichen Dimensionen unserer missionarischen Berufung vertiefen. Ich denke an drei Ereignisse in dieser Woche, die f\u00fcr uns sehr bedeutsam sind. Das erste ist der Gedenktag der Claretiner-M\u00e4rtyrer [&hellip;]<\/p>\n","protected":false},"author":2,"featured_media":111722,"comment_status":"closed","ping_status":"closed","sticky":false,"template":"","format":"standard","meta":{"_et_pb_use_builder":"","_et_pb_old_content":"","_et_gb_content_width":"","footnotes":""},"categories":[604],"tags":[],"class_list":["post-111867","post","type-post","status-publish","format-standard","has-post-thumbnail","hentry","category-anschlagbrett"],"jetpack_featured_media_url":"https:\/\/i0.wp.com\/www.claret.org\/wp-content\/uploads\/2022\/02\/00022.00_00_16_21.Still002.jpg?fit=1920%2C1080&ssl=1","jetpack_sharing_enabled":true,"jetpack_shortlink":"https:\/\/wp.me\/pdaBmi-t6j","jetpack_likes_enabled":true,"_links":{"self":[{"href":"https:\/\/www.claret.org\/de\/wp-json\/wp\/v2\/posts\/111867","targetHints":{"allow":["GET"]}}],"collection":[{"href":"https:\/\/www.claret.org\/de\/wp-json\/wp\/v2\/posts"}],"about":[{"href":"https:\/\/www.claret.org\/de\/wp-json\/wp\/v2\/types\/post"}],"author":[{"embeddable":true,"href":"https:\/\/www.claret.org\/de\/wp-json\/wp\/v2\/users\/2"}],"replies":[{"embeddable":true,"href":"https:\/\/www.claret.org\/de\/wp-json\/wp\/v2\/comments?post=111867"}],"version-history":[{"count":0,"href":"https:\/\/www.claret.org\/de\/wp-json\/wp\/v2\/posts\/111867\/revisions"}],"wp:featuredmedia":[{"embeddable":true,"href":"https:\/\/www.claret.org\/de\/wp-json\/wp\/v2\/media\/111722"}],"wp:attachment":[{"href":"https:\/\/www.claret.org\/de\/wp-json\/wp\/v2\/media?parent=111867"}],"wp:term":[{"taxonomy":"category","embeddable":true,"href":"https:\/\/www.claret.org\/de\/wp-json\/wp\/v2\/categories?post=111867"},{"taxonomy":"post_tag","embeddable":true,"href":"https:\/\/www.claret.org\/de\/wp-json\/wp\/v2\/tags?post=111867"}],"curies":[{"name":"wp","href":"https:\/\/api.w.org\/{rel}","templated":true}]}}