{"id":12690,"date":"2017-12-23T20:50:08","date_gmt":"2017-12-23T18:50:08","guid":{"rendered":"https:\/\/www.claret.org\/weihnachtsbotschaft-2017\/"},"modified":"2018-04-10T19:10:48","modified_gmt":"2018-04-10T17:10:48","slug":"weihnachtsbotschaft-2017","status":"publish","type":"post","link":"https:\/\/www.claret.org\/de\/weihnachtsbotschaft-2017\/","title":{"rendered":"Weihnachtsbotschaft 2017"},"content":{"rendered":"<p>Wir gehen auf das Weihnachtsfest 2017 zu. Vertiefen wir unser Verst\u00e4ndnis des Geheimnisses der Menschwerdung mit einem kontemplativen Herzen, das im Schmiedefeuer des Herzens Mariens geformt ist. Es gibt keine bessere Vorbereitung als das, was ihr unbeflecktes Herz tat, damit das Wort Fleisch werden und unter uns wohnen konnte. Unser missionarisches Herz braucht die Empfindsamkeit des Herzens Mariens, damit wir Gottes Wort willkommen hei\u00dfen und Zeugen und Boten der Freude des Evangeliums werden k\u00f6nnen.<\/p>\n<p>Das Ereignis der Menschwerdung stellt die menschlichen Priorit\u00e4ten und Interessen auf den Kopf und l\u00e4dt uns sein, eine Kehrtwende zu machen auf der Stra\u00dfe, die r\u00fccksichtslos auf menschliche Selbstvergr\u00f6\u00dferung und pers\u00f6nlichen Ruhm zusteuert. Bei unserem 25. Generalkapitel entschlossen wir uns, eine Kongregation \u201eim Aufbruch\u201c zu sein (<em>Zeugen und Boten,<\/em> 66). Die Menschwerdung ist der Schl\u00fcssel dazu, was \u201eaufbrechen\u201c bedeutet. Die selbstent\u00e4u\u00dfernde Liebe der Dreifaltigkeit steht hinter dem \u201eAufbruch Gottes\u201c, der \u201e wie ein Sklave und den Menschen gleich wurde\u201c (Phil 2,6-7). W\u00e4hrend menschliche Abweisung das reisende Paar aus Nazaret in die Ecke eines Stalls in Betlehem trieb, gingen die K\u00e4lber und K\u00e4tzchen zur Seite, um Platz zu machen f\u00fcr das Kind, das geboren werden sollte. Sogar die Sterne winkten die suchenden Sterndeuter zur Krippe an der Peripherie von Betlehem, um den neugeborenen Friedensf\u00fcrsten anzubeten. In der Tat, das gr\u00f6\u00dfte Ereignis unserer Geschichte findet in \u00f6ko-kosmischer Harmonie und Zusammenarbeit statt!<\/p>\n<p>Weihnachten ist die Feier der ersten Sendung, der Grund jeder missionarischen Sendung in der Kirche. Die Sendung des Sohnes Gottes zu uns, der einer von uns wurde, hat unsere menschliche Geschichte umgestaltet. Unsere Missionare an den verschiedenen Peripherien sind imstand, die Anforderungen der Inkulturation anzunehmen und in das Leben der Menschen einzutreten, wenn sie der Dynamik der Menschwerdung in ihrem Leben und missionarischen Wirken Raum geben. Weihnachten wird wirklich, wenn Freude und Hoffnung unter den Menschen hervorbrechen, da die missionare jene geographischen und existentiellen Peripherien des menschlichen Leids erreichen. An Weihnachten denke ich an unsere Missionare, die in verschiedenen Ecken der Welt Freude und Hoffnung inmitten von Entbehrungen bringen. Sie haben ihre Heimat verlassen, um dort zu sein, wo Gott einen Weihnachten will. Ja, ein Missionar macht sich die Antwort des Sohnes Gottes auf seine Sendung zu eigen: \u201eHier bin ich, sende mich!\u201c (Jes 6,8).<\/p>\n<p>Es gibt kein Weihnachten, wenn wir in unseren Komfortzonen eingeschlossen bleiben und uns an unsere belanglosen gesellschaftlichen Kreise klammern. Vom Geist gesalbt, bricht ein Missionar auf und schl\u00e4gt sein Zelt bei denen auf, die obdachlos sind und ihrer W\u00fcrde und ihres Wertes als Kinder Gottes beraubt sind. Ich hoffe, dass uns das diesj\u00e4hrige Weihnachten dr\u00e4ngt, das Leiden unserer Br\u00fcder und Schwestern um uns herum mit dem Herzen Gottes zu sehen. Wir werden unsere missionarische Verf\u00fcgbarkeit erneuern, damit wir ausgesandt werden k\u00f6nnen mit den Gef\u00fchlen des Sohnes, des Emmanuel, des Gottes mit uns.<\/p>\n<p>Ich w\u00fcnsche der ganzen claretinischen Familie, den Freuden und Mitarbeitern ein ganz frohes Weihnachtsfest, gefolgt von einem gnadenvollen neuen Jahr.<\/p>\n<p>Mathew Vattamattam CMF<br \/>\nGeneraloberer<\/p>\n","protected":false},"excerpt":{"rendered":"<p>Wir gehen auf das Weihnachtsfest 2017 zu. Vertiefen wir unser Verst\u00e4ndnis des Geheimnisses der Menschwerdung mit einem kontemplativen Herzen, das im Schmiedefeuer des Herzens Mariens geformt ist. Es gibt keine bessere Vorbereitung als das, was ihr unbeflecktes Herz tat, damit das Wort Fleisch werden und unter uns wohnen konnte. Unser missionarisches Herz braucht die Empfindsamkeit [&hellip;]<\/p>\n","protected":false},"author":1,"featured_media":15742,"comment_status":"closed","ping_status":"closed","sticky":false,"template":"","format":"standard","meta":{"_et_pb_use_builder":"","_et_pb_old_content":"","_et_gb_content_width":"","footnotes":""},"categories":[604],"tags":[],"class_list":["post-12690","post","type-post","status-publish","format-standard","has-post-thumbnail","hentry","category-anschlagbrett"],"jetpack_featured_media_url":"https:\/\/i0.wp.com\/www.claret.org\/wp-content\/uploads\/2017\/12\/christmas-message-2017.jpg?fit=4928%2C3696&ssl=1","jetpack_sharing_enabled":true,"jetpack_shortlink":"https:\/\/wp.me\/pdaBmi-3iG","jetpack_likes_enabled":true,"_links":{"self":[{"href":"https:\/\/www.claret.org\/de\/wp-json\/wp\/v2\/posts\/12690","targetHints":{"allow":["GET"]}}],"collection":[{"href":"https:\/\/www.claret.org\/de\/wp-json\/wp\/v2\/posts"}],"about":[{"href":"https:\/\/www.claret.org\/de\/wp-json\/wp\/v2\/types\/post"}],"author":[{"embeddable":true,"href":"https:\/\/www.claret.org\/de\/wp-json\/wp\/v2\/users\/1"}],"replies":[{"embeddable":true,"href":"https:\/\/www.claret.org\/de\/wp-json\/wp\/v2\/comments?post=12690"}],"version-history":[{"count":0,"href":"https:\/\/www.claret.org\/de\/wp-json\/wp\/v2\/posts\/12690\/revisions"}],"wp:featuredmedia":[{"embeddable":true,"href":"https:\/\/www.claret.org\/de\/wp-json\/wp\/v2\/media\/15742"}],"wp:attachment":[{"href":"https:\/\/www.claret.org\/de\/wp-json\/wp\/v2\/media?parent=12690"}],"wp:term":[{"taxonomy":"category","embeddable":true,"href":"https:\/\/www.claret.org\/de\/wp-json\/wp\/v2\/categories?post=12690"},{"taxonomy":"post_tag","embeddable":true,"href":"https:\/\/www.claret.org\/de\/wp-json\/wp\/v2\/tags?post=12690"}],"curies":[{"name":"wp","href":"https:\/\/api.w.org\/{rel}","templated":true}]}}