{"id":132629,"date":"2022-06-22T09:51:00","date_gmt":"2022-06-22T07:51:00","guid":{"rendered":"https:\/\/www.claret.org\/p-armin-sixt-cmf\/"},"modified":"2022-08-10T08:58:55","modified_gmt":"2022-08-10T06:58:55","slug":"p-armin-sixt-cmf","status":"publish","type":"post","link":"https:\/\/www.claret.org\/de\/p-armin-sixt-cmf\/","title":{"rendered":"P. Armin Sixt, CMF"},"content":{"rendered":"\n<p>Pater Armin Sixt, CMF, starb am 22. Juni 2022 um 09:50 Uhr in Ursberg im Alter von 65 Jahren. Er war der Provinzial der deutschen Provinz. Bei einem seiner Animationsbesuche in Sri Lanka im Jahr 2010 hatte er einen Unfall. Seitdem konnte er weder gehen noch h\u00f6rbar sprechen. Die uns\u00e4glichen Leiden, die er in den letzten 12 Jahren so friedlich ertragen hat, sind ein gro\u00dfes Zeugnis f\u00fcr die Mitglieder der Provinz. Er wurde im Altenheim in Ursberg gepflegt. Wir danken dem Herrn f\u00fcr das Geschenk seiner Person, seines Lebens, seiner claretinischen Berufung und seines Dienstes und bitten ihn, unseren Freund und Bruder im Haus seines Vaters aufzunehmen und ihn an den Tisch des Festmahls des Reiches Gottes zu setzen. M\u00f6ge er in Frieden ruhen.<\/p>\n","protected":false},"excerpt":{"rendered":"<p>Pater Armin Sixt, CMF, starb am 22. Juni 2022 um 09:50 Uhr in Ursberg im Alter von 65 Jahren. Er war der Provinzial der deutschen Provinz. Bei einem seiner Animationsbesuche in Sri Lanka im Jahr 2010 hatte er einen Unfall. Seitdem konnte er weder gehen noch h\u00f6rbar sprechen. Die uns\u00e4glichen Leiden, die er in den [&hellip;]<\/p>\n","protected":false},"author":2,"featured_media":132616,"comment_status":"closed","ping_status":"closed","sticky":false,"template":"","format":"standard","meta":{"_et_pb_use_builder":"","_et_pb_old_content":"","_et_gb_content_width":"","footnotes":""},"categories":[561],"tags":[],"class_list":["post-132629","post","type-post","status-publish","format-standard","has-post-thumbnail","hentry","category-verstorben"],"jetpack_featured_media_url":"https:\/\/i0.wp.com\/www.claret.org\/wp-content\/uploads\/2022\/08\/armin-sixt.jpg?fit=466%2C592&ssl=1","jetpack_sharing_enabled":true,"jetpack_shortlink":"https:\/\/wp.me\/pdaBmi-yvb","jetpack_likes_enabled":true,"_links":{"self":[{"href":"https:\/\/www.claret.org\/de\/wp-json\/wp\/v2\/posts\/132629","targetHints":{"allow":["GET"]}}],"collection":[{"href":"https:\/\/www.claret.org\/de\/wp-json\/wp\/v2\/posts"}],"about":[{"href":"https:\/\/www.claret.org\/de\/wp-json\/wp\/v2\/types\/post"}],"author":[{"embeddable":true,"href":"https:\/\/www.claret.org\/de\/wp-json\/wp\/v2\/users\/2"}],"replies":[{"embeddable":true,"href":"https:\/\/www.claret.org\/de\/wp-json\/wp\/v2\/comments?post=132629"}],"version-history":[{"count":0,"href":"https:\/\/www.claret.org\/de\/wp-json\/wp\/v2\/posts\/132629\/revisions"}],"wp:featuredmedia":[{"embeddable":true,"href":"https:\/\/www.claret.org\/de\/wp-json\/wp\/v2\/media\/132616"}],"wp:attachment":[{"href":"https:\/\/www.claret.org\/de\/wp-json\/wp\/v2\/media?parent=132629"}],"wp:term":[{"taxonomy":"category","embeddable":true,"href":"https:\/\/www.claret.org\/de\/wp-json\/wp\/v2\/categories?post=132629"},{"taxonomy":"post_tag","embeddable":true,"href":"https:\/\/www.claret.org\/de\/wp-json\/wp\/v2\/tags?post=132629"}],"curies":[{"name":"wp","href":"https:\/\/api.w.org\/{rel}","templated":true}]}}