{"id":13316,"date":"2018-03-06T20:21:56","date_gmt":"2018-03-06T18:21:56","guid":{"rendered":"https:\/\/www.claret.org\/claret-preis-fur-das-leben\/"},"modified":"2018-03-27T15:24:57","modified_gmt":"2018-03-27T14:24:57","slug":"claret-preis-fur-das-leben","status":"publish","type":"post","link":"https:\/\/www.claret.org\/de\/claret-preis-fur-das-leben\/","title":{"rendered":"Claret-Preis f\u00fcr das Leben"},"content":{"rendered":"<div><strong>Rom, Italien<\/strong>. Die Generalleitung hat in ihrem Aktionsplan f\u00fcr die n\u00e4chsten sechs Jahre 2015-2021 beschlossen, die Initiativen von Claretinern zur Verteidigung und Sorge f\u00fcr das Leben in verschiedenen Ausdrucksformen mit einem Preis mit der Bezeichnung Claret-Preis f\u00fcr das Leben anzuerkennen. Dieser wird bei der Zusammenkunft der claretinischen Familie beim Weltjugendtag 2019 in den Tagen vor dem Weltjugendtag in Panama verliehen.<\/div>\n<p>Diese Initiative wurde vergangenes Jahr f\u00fcr die ganze claretinische Familie ge\u00f6ffnet als ein konkreter Ausdruck, als solche Familie gemeinsam charismatisch zu wirken.<\/p>\n<p>F\u00fcr weitere Informationen zu den Regeln dieses Preises besuchen die die entsprechende Seite auf der Homepage der Generalkr\u00e4fektur f\u00fcr das Apostolat:<strong> <a href=\"http:\/\/apostoladocmf.org\/premio-claret-vida\" target=\"_blank\" rel=\"noopener nofollow\">http:\/\/apostoladocmf.org\/premio-claret-vida<\/a><\/strong><\/p>\n<p>&nbsp;<\/p>\n<p><img data-recalc-dims=\"1\" loading=\"lazy\" decoding=\"async\" data-attachment-id=\"5108\" data-permalink=\"https:\/\/www.claret.org\/de\/claret-preis-fur-das-leben\/18565-2\/\" data-orig-file=\"https:\/\/i0.wp.com\/www.claret.org\/wp-content\/uploads\/2018\/03\/18565.jpg?fit=3508%2C4961&amp;ssl=1\" data-orig-size=\"3508,4961\" data-comments-opened=\"1\" data-image-meta=\"{&quot;aperture&quot;:&quot;0&quot;,&quot;credit&quot;:&quot;&quot;,&quot;camera&quot;:&quot;&quot;,&quot;caption&quot;:&quot;&quot;,&quot;created_timestamp&quot;:&quot;0&quot;,&quot;copyright&quot;:&quot;&quot;,&quot;focal_length&quot;:&quot;0&quot;,&quot;iso&quot;:&quot;0&quot;,&quot;shutter_speed&quot;:&quot;0&quot;,&quot;title&quot;:&quot;&quot;,&quot;orientation&quot;:&quot;1&quot;}\" data-image-title=\"18565\" data-image-description=\"\" data-image-caption=\"\" data-large-file=\"https:\/\/i0.wp.com\/www.claret.org\/wp-content\/uploads\/2018\/03\/18565.jpg?fit=724%2C1024&amp;ssl=1\" class=\"alignnone size-full wp-image-5108\" src=\"https:\/\/i0.wp.com\/www.claret.org\/wp-content\/uploads\/2018\/03\/18565.jpg?resize=1080%2C1527&#038;ssl=1\" alt=\"\" width=\"1080\" height=\"1527\" title=\"\" srcset=\"https:\/\/i0.wp.com\/www.claret.org\/wp-content\/uploads\/2018\/03\/18565.jpg?w=3508&amp;ssl=1 3508w, https:\/\/i0.wp.com\/www.claret.org\/wp-content\/uploads\/2018\/03\/18565.jpg?resize=212%2C300&amp;ssl=1 212w, https:\/\/i0.wp.com\/www.claret.org\/wp-content\/uploads\/2018\/03\/18565.jpg?resize=768%2C1086&amp;ssl=1 768w, https:\/\/i0.wp.com\/www.claret.org\/wp-content\/uploads\/2018\/03\/18565.jpg?resize=724%2C1024&amp;ssl=1 724w, https:\/\/i0.wp.com\/www.claret.org\/wp-content\/uploads\/2018\/03\/18565.jpg?resize=1080%2C1527&amp;ssl=1 1080w, https:\/\/i0.wp.com\/www.claret.org\/wp-content\/uploads\/2018\/03\/18565.jpg?w=2160&amp;ssl=1 2160w, https:\/\/i0.wp.com\/www.claret.org\/wp-content\/uploads\/2018\/03\/18565.jpg?w=3240&amp;ssl=1 3240w\" sizes=\"(max-width: 1080px) 100vw, 1080px\" \/><\/p>\n","protected":false},"excerpt":{"rendered":"<p>Rom, Italien. Die Generalleitung hat in ihrem Aktionsplan f\u00fcr die n\u00e4chsten sechs Jahre 2015-2021 beschlossen, die Initiativen von Claretinern zur Verteidigung und Sorge f\u00fcr das Leben in verschiedenen Ausdrucksformen mit einem Preis mit der Bezeichnung Claret-Preis f\u00fcr das Leben anzuerkennen. Dieser wird bei der Zusammenkunft der claretinischen Familie beim Weltjugendtag 2019 in den Tagen vor [&hellip;]<\/p>\n","protected":false},"author":1,"featured_media":5101,"comment_status":"closed","ping_status":"closed","sticky":false,"template":"","format":"standard","meta":{"_et_pb_use_builder":"","_et_pb_old_content":"","_et_gb_content_width":"","footnotes":""},"categories":[408,531,443],"tags":[],"class_list":["post-13316","post","type-post","status-publish","format-standard","has-post-thumbnail","hentry","category-apostolat-de","category-claretinerfamilie","category-solidaritat-und-mission"],"jetpack_featured_media_url":"https:\/\/i0.wp.com\/www.claret.org\/wp-content\/uploads\/2018\/03\/Screenshot-2018-03-05-20.47.32.png?fit=1804%2C1001&ssl=1","jetpack_sharing_enabled":true,"jetpack_shortlink":"https:\/\/wp.me\/pdaBmi-3sM","jetpack_likes_enabled":true,"_links":{"self":[{"href":"https:\/\/www.claret.org\/de\/wp-json\/wp\/v2\/posts\/13316","targetHints":{"allow":["GET"]}}],"collection":[{"href":"https:\/\/www.claret.org\/de\/wp-json\/wp\/v2\/posts"}],"about":[{"href":"https:\/\/www.claret.org\/de\/wp-json\/wp\/v2\/types\/post"}],"author":[{"embeddable":true,"href":"https:\/\/www.claret.org\/de\/wp-json\/wp\/v2\/users\/1"}],"replies":[{"embeddable":true,"href":"https:\/\/www.claret.org\/de\/wp-json\/wp\/v2\/comments?post=13316"}],"version-history":[{"count":0,"href":"https:\/\/www.claret.org\/de\/wp-json\/wp\/v2\/posts\/13316\/revisions"}],"wp:featuredmedia":[{"embeddable":true,"href":"https:\/\/www.claret.org\/de\/wp-json\/wp\/v2\/media\/5101"}],"wp:attachment":[{"href":"https:\/\/www.claret.org\/de\/wp-json\/wp\/v2\/media?parent=13316"}],"wp:term":[{"taxonomy":"category","embeddable":true,"href":"https:\/\/www.claret.org\/de\/wp-json\/wp\/v2\/categories?post=13316"},{"taxonomy":"post_tag","embeddable":true,"href":"https:\/\/www.claret.org\/de\/wp-json\/wp\/v2\/tags?post=13316"}],"curies":[{"name":"wp","href":"https:\/\/api.w.org\/{rel}","templated":true}]}}