{"id":13454,"date":"2018-02-20T06:47:24","date_gmt":"2018-02-20T05:47:24","guid":{"rendered":"https:\/\/www.claret.org\/medizinstudium-an-claretiner-universitat-beginnt\/"},"modified":"2018-02-20T06:47:24","modified_gmt":"2018-02-20T05:47:24","slug":"medizinstudium-an-claretiner-universitat-beginnt","status":"publish","type":"post","link":"https:\/\/www.claret.org\/de\/medizinstudium-an-claretiner-universitat-beginnt\/","title":{"rendered":"Medizinstudium an Claretiner-Universit\u00e4t beginnt"},"content":{"rendered":"<p><strong>Rio Claro, Brasilien<\/strong>. Am 19. Februar nahm die Medizinschule in Rio Claro (Bundesstaat S\u00e3o Paulo in Brasilien) an der dortigen Claretiner-Hochschule ihren Betrieb auf.<\/p>\n<p>Neben dem Meilenstein in der Geschichte der Stadt, die von diesem Bildungsangebot weiter profitieren wird, stellt der Beginn des Medizinstudiums einen gro\u00dfen Moment auf dem Weg des claretinischen Bildungsnetzes dar, das sich seit 48 Jahren der akademischen Bef\u00e4higung von Berufsleuten widmet. Jetzt wird der Gesundheitsdienst in Rio Claro erweitert, was zum Wachstum der Stadt und ihrer Einwohner beitr\u00e4gt.<\/p>\n<p>Beim ersten Kontakt konnten die Studenten einen Teil des Lehrpersonals kennenlernen, das sie durch das Studienjahr begleiten wird. Die Dozenten, die sowohl auf akademischen Gebiet als auch in der t\u00e4glichen \u00e4rztlichen T\u00e4tigkeit spezialisiert sind, wurden ausgew\u00e4hlt und bef\u00e4higt, um den k\u00fcnftigen \u00c4rzten, die jetzt ihr Studium beginnen, Inhalte von hoher Qualit\u00e4t zu bieten.<\/p>\n<p><img data-recalc-dims=\"1\" loading=\"lazy\" decoding=\"async\" class=\"alignleft wp-image-13373\" src=\"https:\/\/i0.wp.com\/www.claret.org\/wp-content\/uploads\/2018\/03\/115032.jpg?resize=376%2C282&#038;ssl=1\" alt=\"\" width=\"376\" height=\"282\" title=\"\" srcset=\"https:\/\/i0.wp.com\/www.claret.org\/wp-content\/uploads\/2018\/03\/115032.jpg?w=800&amp;ssl=1 800w, https:\/\/i0.wp.com\/www.claret.org\/wp-content\/uploads\/2018\/03\/115032.jpg?resize=300%2C225&amp;ssl=1 300w, https:\/\/i0.wp.com\/www.claret.org\/wp-content\/uploads\/2018\/03\/115032.jpg?resize=768%2C576&amp;ssl=1 768w, https:\/\/i0.wp.com\/www.claret.org\/wp-content\/uploads\/2018\/03\/115032.jpg?resize=510%2C382&amp;ssl=1 510w\" sizes=\"(max-width: 376px) 100vw, 376px\" \/><\/p>\n<p>Die Studenten konnten auch die Einrichtungen des akademischen Zentrums besuchen, wo sie praktisch und theoretisch ausgebildet werden. Begleitet von den Dozenten und den verantwortlichen Labortechnikern, konnten die Studenten die Ausstattung (Modelle, St\u00fccke, Mikroskope usw.) kennenlernen sowie die Regelungen, die in den Fachr\u00e4umen gelten (wie Bekleidung und Verhalten) und alle Dienste, die von Beginn des Studienjahres an verf\u00fcgbar sein werden.<\/p>\n<p>Im Verlauf der ersten Eingew\u00f6hnungswoche f\u00fchrt die Claretiner-Universit\u00e4t kulturelle und studentische Veranstaltungen durch, stellt das p\u00e4dagogische Projekt und das Bildungsprojekt wor, besucht die Einrichtungen der Unidad B\u00e1sica de Salud &#8211; UBS Terra Nova, wo sie einen gro\u00dfen Teil der praktischen T\u00e4tigkeiten ausf\u00fchren werden, und als eine Interaktion mit der Gesellschaft, einen Besuch in der Einrichtung f\u00fcr Kinderbef\u00e4higung Princesa Vit\u00f3ria und S\u00e3o Vicente Abrigo.<\/p>\n<p>Die Universit\u00e4t dankt allen Personen und Institutionen, die sich f\u00fcr die Er\u00f6ffnung dieses Studiums engagiert haben, dessen Konzeption 2014 zwischen der Stadt Rio Claro, den Claretiner-Missionaren und dem ganzen claretinischen Bildungsnetz begann.<\/p>\n<p>Weitere Informationen \u00fcber folgenden Link <a href=\"http:\/\/www.claretiano.edu.br\/medicina\" target=\"_blank\" rel=\"noopener nofollow\">www.claretiano.edu.br\/medicina<\/a><\/p>\n<p>&nbsp;<\/p>\n<div class=\"et_pb_slider et_pb_slider_fullwidth_off et_pb_gallery_post_type\">\n\t\t\t\t<div class=\"et_pb_slides\">\n\t\t\t\t\t<div class=\"et_pb_slide\" style=\"background: url(https:\/\/www.claret.org\/wp-content\/uploads\/2018\/03\/115031.jpg);\"><\/div><div class=\"et_pb_slide\" style=\"background: url(https:\/\/www.claret.org\/wp-content\/uploads\/2018\/03\/115032-1.jpg);\"><\/div><div class=\"et_pb_slide\" style=\"background: url(https:\/\/www.claret.org\/wp-content\/uploads\/2018\/03\/115034.jpg);\"><\/div><div class=\"et_pb_slide\" style=\"background: url(https:\/\/www.claret.org\/wp-content\/uploads\/2018\/03\/115037.jpg);\"><\/div><div class=\"et_pb_slide\" style=\"background: url(https:\/\/www.claret.org\/wp-content\/uploads\/2018\/03\/115038.jpg);\"><\/div><div class=\"et_pb_slide\" style=\"background: url(https:\/\/www.claret.org\/wp-content\/uploads\/2018\/03\/115039.jpg);\"><\/div><div class=\"et_pb_slide\" style=\"background: url(https:\/\/www.claret.org\/wp-content\/uploads\/2018\/03\/115040.jpg);\"><\/div><div class=\"et_pb_slide\" style=\"background: url(https:\/\/www.claret.org\/wp-content\/uploads\/2018\/03\/115045.jpg);\"><\/div><div class=\"et_pb_slide\" style=\"background: url(https:\/\/www.claret.org\/wp-content\/uploads\/2018\/03\/115048.jpg);\"><\/div><div class=\"et_pb_slide\" style=\"background: url(https:\/\/www.claret.org\/wp-content\/uploads\/2018\/03\/115049.jpg);\"><\/div><div class=\"et_pb_slide\" style=\"background: url(https:\/\/www.claret.org\/wp-content\/uploads\/2018\/03\/115051.jpg);\"><\/div><div class=\"et_pb_slide\" style=\"background: url(https:\/\/www.claret.org\/wp-content\/uploads\/2018\/03\/115052.jpg);\"><\/div>\n\t\t\t\t<\/div>\n\t\t\t<\/div>\n","protected":false},"excerpt":{"rendered":"<p>Rio Claro, Brasilien. Am 19. Februar nahm die Medizinschule in Rio Claro (Bundesstaat S\u00e3o Paulo in Brasilien) an der dortigen Claretiner-Hochschule ihren Betrieb auf. Neben dem Meilenstein in der Geschichte der Stadt, die von diesem Bildungsangebot weiter profitieren wird, stellt der Beginn des Medizinstudiums einen gro\u00dfen Moment auf dem Weg des claretinischen Bildungsnetzes dar, das [&hellip;]<\/p>\n","protected":false},"author":1,"featured_media":13448,"comment_status":"closed","ping_status":"closed","sticky":false,"template":"","format":"standard","meta":{"_et_pb_use_builder":"","_et_pb_old_content":"","_et_gb_content_width":"","footnotes":""},"categories":[355,363,425,428],"tags":[],"class_list":["post-13454","post","type-post","status-publish","format-standard","has-post-thumbnail","hentry","category-amerika","category-brasil-de","category-padagogische-pastoral","category-seelsorge-fur-die-gesundheit"],"jetpack_featured_media_url":"https:\/\/i0.wp.com\/www.claret.org\/wp-content\/uploads\/2018\/03\/115052.jpg?fit=800%2C600&ssl=1","jetpack_sharing_enabled":true,"jetpack_shortlink":"https:\/\/wp.me\/pdaBmi-3v0","jetpack_likes_enabled":true,"_links":{"self":[{"href":"https:\/\/www.claret.org\/de\/wp-json\/wp\/v2\/posts\/13454","targetHints":{"allow":["GET"]}}],"collection":[{"href":"https:\/\/www.claret.org\/de\/wp-json\/wp\/v2\/posts"}],"about":[{"href":"https:\/\/www.claret.org\/de\/wp-json\/wp\/v2\/types\/post"}],"author":[{"embeddable":true,"href":"https:\/\/www.claret.org\/de\/wp-json\/wp\/v2\/users\/1"}],"replies":[{"embeddable":true,"href":"https:\/\/www.claret.org\/de\/wp-json\/wp\/v2\/comments?post=13454"}],"version-history":[{"count":0,"href":"https:\/\/www.claret.org\/de\/wp-json\/wp\/v2\/posts\/13454\/revisions"}],"wp:featuredmedia":[{"embeddable":true,"href":"https:\/\/www.claret.org\/de\/wp-json\/wp\/v2\/media\/13448"}],"wp:attachment":[{"href":"https:\/\/www.claret.org\/de\/wp-json\/wp\/v2\/media?parent=13454"}],"wp:term":[{"taxonomy":"category","embeddable":true,"href":"https:\/\/www.claret.org\/de\/wp-json\/wp\/v2\/categories?post=13454"},{"taxonomy":"post_tag","embeddable":true,"href":"https:\/\/www.claret.org\/de\/wp-json\/wp\/v2\/tags?post=13454"}],"curies":[{"name":"wp","href":"https:\/\/api.w.org\/{rel}","templated":true}]}}