{"id":23636,"date":"2018-07-06T10:32:19","date_gmt":"2018-07-06T08:32:19","guid":{"rendered":"https:\/\/www.claret.org\/gemeinsame-exerzitien-fur-kolumbien-venezuela-und-ecuador\/"},"modified":"2018-07-06T10:32:19","modified_gmt":"2018-07-06T08:32:19","slug":"gemeinsame-exerzitien-fur-kolumbien-venezuela-und-ecuador","status":"publish","type":"post","link":"https:\/\/www.claret.org\/de\/gemeinsame-exerzitien-fur-kolumbien-venezuela-und-ecuador\/","title":{"rendered":"Gemeinsame Exerzitien f\u00fcr Kolumbien, Venezuela und Ecuador"},"content":{"rendered":"<p><strong>Medell\u00edn, Kolumbien.<\/strong> Die Provinzen Kolumbien\/Venezuela und Ost-Kolumbien\/Ecuador haben ihre Exerzitien gemeinsam organisiert. Der erste Kurs wurde vom 25. bis 30. Juni 2018 in der <em>Casa de Encuentros de Sasaima<\/em> gehalten, und der zweite, der am 2. Juli begann, findet zurzeit in der<em> Villa Claret<\/em>, Picacho in Medell\u00edn statt und endet am 7. Juli. Exerzitenmeister ist in beiden Kursen P. Josep Rovira CMF vom Zentrum f\u00fcr claretinische Spiritualit\u00e4t in Vic.<\/p>\n<p>W\u00e4hrend der Exzerzitientage gab es auch Zeiten zum br\u00fcderlichen Austausch, zur Zusammenkunft und St\u00e4rkung der Br\u00fcderlichkeit und zur eigenen St\u00e4rkung im missionarischen Engagement als Claretiner.<\/p>\n<p>&nbsp;<\/p>\n<div id=\"attachment_23623\" style=\"width: 1290px\" class=\"wp-caption alignnone\"><img data-recalc-dims=\"1\" loading=\"lazy\" decoding=\"async\" aria-describedby=\"caption-attachment-23623\" class=\"size-full wp-image-23621\" src=\"https:\/\/i0.wp.com\/www.claret.org\/wp-content\/uploads\/2018\/07\/Grupo-Villa-Claret-Picacho-Medell%C3%ADn.jpg?resize=1080%2C712&#038;ssl=1\" alt=\"\" width=\"1080\" height=\"712\" title=\"\" srcset=\"https:\/\/i0.wp.com\/www.claret.org\/wp-content\/uploads\/2018\/07\/Grupo-Villa-Claret-Picacho-Medell%C3%ADn.jpg?w=1280&amp;ssl=1 1280w, https:\/\/i0.wp.com\/www.claret.org\/wp-content\/uploads\/2018\/07\/Grupo-Villa-Claret-Picacho-Medell%C3%ADn.jpg?resize=300%2C198&amp;ssl=1 300w, https:\/\/i0.wp.com\/www.claret.org\/wp-content\/uploads\/2018\/07\/Grupo-Villa-Claret-Picacho-Medell%C3%ADn.jpg?resize=768%2C506&amp;ssl=1 768w, https:\/\/i0.wp.com\/www.claret.org\/wp-content\/uploads\/2018\/07\/Grupo-Villa-Claret-Picacho-Medell%C3%ADn.jpg?resize=1024%2C675&amp;ssl=1 1024w, https:\/\/i0.wp.com\/www.claret.org\/wp-content\/uploads\/2018\/07\/Grupo-Villa-Claret-Picacho-Medell%C3%ADn.jpg?resize=1080%2C712&amp;ssl=1 1080w\" sizes=\"(max-width: 1080px) 100vw, 1080px\" \/><p id=\"caption-attachment-23623\" class=\"wp-caption-text\">Gruppe In Villa Claret, Picacho, Medell\u00edn<\/p><\/div>\n","protected":false},"excerpt":{"rendered":"<p>Medell\u00edn, Kolumbien. Die Provinzen Kolumbien\/Venezuela und Ost-Kolumbien\/Ecuador haben ihre Exerzitien gemeinsam organisiert. Der erste Kurs wurde vom 25. bis 30. Juni 2018 in der Casa de Encuentros de Sasaima gehalten, und der zweite, der am 2. Juli begann, findet zurzeit in der Villa Claret, Picacho in Medell\u00edn statt und endet am 7. Juli. Exerzitenmeister ist [&hellip;]<\/p>\n","protected":false},"author":2,"featured_media":23629,"comment_status":"closed","ping_status":"closed","sticky":false,"template":"","format":"standard","meta":{"_et_pb_use_builder":"","_et_pb_old_content":"","_et_gb_content_width":"","footnotes":""},"categories":[355,372,380,627],"tags":[],"class_list":["post-23636","post","type-post","status-publish","format-standard","has-post-thumbnail","hentry","category-amerika","category-colombia-venezuela-de","category-colombia-oriental-ecuador-de","category-laufende-formation"],"jetpack_featured_media_url":"https:\/\/i0.wp.com\/www.claret.org\/wp-content\/uploads\/2018\/07\/Grupo-Sasaima.jpg?fit=3968%2C2976&ssl=1","jetpack_sharing_enabled":true,"jetpack_shortlink":"https:\/\/wp.me\/pdaBmi-69e","jetpack_likes_enabled":true,"_links":{"self":[{"href":"https:\/\/www.claret.org\/de\/wp-json\/wp\/v2\/posts\/23636","targetHints":{"allow":["GET"]}}],"collection":[{"href":"https:\/\/www.claret.org\/de\/wp-json\/wp\/v2\/posts"}],"about":[{"href":"https:\/\/www.claret.org\/de\/wp-json\/wp\/v2\/types\/post"}],"author":[{"embeddable":true,"href":"https:\/\/www.claret.org\/de\/wp-json\/wp\/v2\/users\/2"}],"replies":[{"embeddable":true,"href":"https:\/\/www.claret.org\/de\/wp-json\/wp\/v2\/comments?post=23636"}],"version-history":[{"count":0,"href":"https:\/\/www.claret.org\/de\/wp-json\/wp\/v2\/posts\/23636\/revisions"}],"wp:featuredmedia":[{"embeddable":true,"href":"https:\/\/www.claret.org\/de\/wp-json\/wp\/v2\/media\/23629"}],"wp:attachment":[{"href":"https:\/\/www.claret.org\/de\/wp-json\/wp\/v2\/media?parent=23636"}],"wp:term":[{"taxonomy":"category","embeddable":true,"href":"https:\/\/www.claret.org\/de\/wp-json\/wp\/v2\/categories?post=23636"},{"taxonomy":"post_tag","embeddable":true,"href":"https:\/\/www.claret.org\/de\/wp-json\/wp\/v2\/tags?post=23636"}],"curies":[{"name":"wp","href":"https:\/\/api.w.org\/{rel}","templated":true}]}}