{"id":24667,"date":"2018-07-17T18:21:04","date_gmt":"2018-07-17T16:21:04","guid":{"rendered":"https:\/\/www.claret.org\/uno-schliest-globalen-migrationspakt-ab\/"},"modified":"2018-07-17T18:21:04","modified_gmt":"2018-07-17T16:21:04","slug":"uno-schliest-globalen-migrationspakt-ab","status":"publish","type":"post","link":"https:\/\/www.claret.org\/de\/uno-schliest-globalen-migrationspakt-ab\/","title":{"rendered":"UNO schlie\u00dft globalen Migrationspakt ab"},"content":{"rendered":"<p><strong>New York, USA.<\/strong> Der Text des \u201eGlobalen Pakts f\u00fcr sichere, ordentliche und geregelte Migration\u201c wurde am 13. Juli am Hauptsitz der Vereinten Nationen in New York abgeschlossen. Die sechs Runden harter Verhandlungen zwischen den Regierungen, die bei der UNO seit Januar 2018 stattfanden, schlossen mit einer Anpassung des Textes durch die Mitgliedsstaaten. Es ist das erste Mal, dass die Mitgliedsstaaten kollektiv ein \u00dcbereinkommen aushandelten, das alle Aspekte \u00fcber die internationale Migration umfassend behandelt. Viele Vertreter der Zivilgesellschaft einschlie\u00dflich P. Rohan Dominic als Vertreter der Claretiner bei der UNO beteiligten sich aktiv an dem Prozess.<\/p>\n<div id=\"attachment_24592\" style=\"width: 531px\" class=\"wp-caption alignleft\"><img data-recalc-dims=\"1\" loading=\"lazy\" decoding=\"async\" aria-describedby=\"caption-attachment-24592\" class=\" wp-image-24589\" src=\"https:\/\/i0.wp.com\/www.claret.org\/wp-content\/uploads\/2018\/07\/Global-Compact-UN-3.jpg?resize=521%2C391&#038;ssl=1\" alt=\"\" width=\"521\" height=\"391\" title=\"\" srcset=\"https:\/\/i0.wp.com\/www.claret.org\/wp-content\/uploads\/2018\/07\/Global-Compact-UN-3.jpg?w=1280&amp;ssl=1 1280w, https:\/\/i0.wp.com\/www.claret.org\/wp-content\/uploads\/2018\/07\/Global-Compact-UN-3.jpg?resize=300%2C225&amp;ssl=1 300w, https:\/\/i0.wp.com\/www.claret.org\/wp-content\/uploads\/2018\/07\/Global-Compact-UN-3.jpg?resize=768%2C576&amp;ssl=1 768w, https:\/\/i0.wp.com\/www.claret.org\/wp-content\/uploads\/2018\/07\/Global-Compact-UN-3.jpg?resize=1024%2C768&amp;ssl=1 1024w, https:\/\/i0.wp.com\/www.claret.org\/wp-content\/uploads\/2018\/07\/Global-Compact-UN-3.jpg?resize=510%2C382&amp;ssl=1 510w, https:\/\/i0.wp.com\/www.claret.org\/wp-content\/uploads\/2018\/07\/Global-Compact-UN-3.jpg?resize=1080%2C810&amp;ssl=1 1080w\" sizes=\"(max-width: 521px) 100vw, 521px\" \/><p id=\"caption-attachment-24592\" class=\"wp-caption-text\"><Em>P. Rohan Dominic Cmf Als Vertreter Der Claretiner Bei Der Uno Beteiligt Sich Am Globalen Migrationspakt<\/Em><\/p><\/div>\n<p>&nbsp;<\/p>\n<p>Der st\u00e4ndiger Vertreter Mexikos Juan Jos\u00e9 Ignacio G\u00f3mez Camacho, der einer der Moderatoren des Paktes ist, sagte: \u201eDie Migration war das einzige globale Problem, das auf der Tagesordnung der UNO nicht vorkam. Der Globale Pakt bedeutet nicht nur einen praktischen Unterschied im Leben von Millionen von Migranten in aller Welt, sondern erkennt auch an, dass es kein Land allein l\u00f6sen kann. Dieser Prozess war erfolgreich, weil wir auf der Grundlage von Beweisen und Fakten verhandelten und mit von Wahrnehmungen und Vorurteilen.\u201c<\/p>\n<p>Die \u00dcbereinkunft wird bei der Regierungskonferenz zur Annahme des Globalen Paktes f\u00fcr eine sichere, ordentliche und geregelte Migration, die am 10. und 11. Dezember 2018 in Marrakesch in Marokko stattfindet, formell von den Mitgliedsstaaten angenommen.<\/p>\n<p>Von einer \u201ehistorischen Stunde\u201c sprach der Vorsitzende der 72. Sitzung der Vollversammlung der Vereinten Nationen Miroslav Laj\u010d\u00e1k,  und sagte, das Potential des globalen Paktes sei riesig. Er f\u00fcgte hinzu: \u201eEr kann uns von einer reagierenden zu einer proaktiven Verfahrensweise f\u00fchren. Er kann uns helfen, die Vorteile der Migration zu nutzen und die Risiken abzumildern.\u201c Er brachte seinen Dank an alle zum Ausdruck, die in dem Prozess engagiert waren, und bemerkte: \u201eUnter keinen Umst\u00e4nden k\u00f6nnen wir unsere Arbeit als abgeschlossen ansehen \u2026 2098 Todesf\u00e4lle unter Migranten wurden registriert, seit wir die Verhandlungen begannen. Etwa 400 davon waren Kinder. Viele, die nicht gemeldet wurden, gingen in der W\u00fcste oder auf anderen gef\u00e4hrlichen Reiserouten verloren. Andere \u2013 einschlie\u00dflich zahlloser Frauen und M\u00e4dchen \u2013 sind Opfer von Menschenh\u00e4ndlern geworden. Und w\u00e4hrend wir sprechen, sind Tausende Wanderarbeiter \u00fcber ihre Gesundheit, ihre Sicherheit und den Wohlstand ihrer Familien besorgt.\u201c<\/p>\n<p>Die Migration ist ein globales Ph\u00e4nomen. Aktuelle Sch\u00e4tzungen rechnen damit, dass es weltweit 244 Millionen internationale Migranten gibt (das sind 3,3\u2009% der Weltbev\u00f6lkerung). Die Migration ist einer der Bereiche, auf die sich die Pr\u00e4senz der Claretiner bei der UNO konzentriert. Viele von unseren Provinzen sind im Dienst der Migranten engagiert. Dieser globale Pakt f\u00fcr die sichere, ordentliche und geregelte Migration wird ein Leitdokument nicht nur f\u00fcr die Regierungen und internationalen Agenturen sind, sondern auch f\u00fcr zivilgesellschaftliche Organisationen, Ordensgemeinschaften und im Glauben begr\u00fcndete Organisationen, die den Migranten in den Herkunfts-, Durchgangs- und Ziell\u00e4ndern helfen.<\/p>\n<p><img data-recalc-dims=\"1\" loading=\"lazy\" decoding=\"async\" class=\"alignnone size-full wp-image-24583\" src=\"https:\/\/i0.wp.com\/www.claret.org\/wp-content\/uploads\/2018\/07\/Global-Compact-UN-2.jpg?resize=1080%2C1220&#038;ssl=1\" alt=\"\" width=\"1080\" height=\"1220\" title=\"\" srcset=\"https:\/\/i0.wp.com\/www.claret.org\/wp-content\/uploads\/2018\/07\/Global-Compact-UN-2.jpg?w=1280&amp;ssl=1 1280w, https:\/\/i0.wp.com\/www.claret.org\/wp-content\/uploads\/2018\/07\/Global-Compact-UN-2.jpg?resize=266%2C300&amp;ssl=1 266w, https:\/\/i0.wp.com\/www.claret.org\/wp-content\/uploads\/2018\/07\/Global-Compact-UN-2.jpg?resize=768%2C868&amp;ssl=1 768w, https:\/\/i0.wp.com\/www.claret.org\/wp-content\/uploads\/2018\/07\/Global-Compact-UN-2.jpg?resize=906%2C1024&amp;ssl=1 906w, https:\/\/i0.wp.com\/www.claret.org\/wp-content\/uploads\/2018\/07\/Global-Compact-UN-2.jpg?resize=1080%2C1220&amp;ssl=1 1080w\" sizes=\"(max-width: 1080px) 100vw, 1080px\" \/><\/p>\n","protected":false},"excerpt":{"rendered":"<p>New York, USA. Der Text des \u201eGlobalen Pakts f\u00fcr sichere, ordentliche und geregelte Migration\u201c wurde am 13. Juli am Hauptsitz der Vereinten Nationen in New York abgeschlossen. Die sechs Runden harter Verhandlungen zwischen den Regierungen, die bei der UNO seit Januar 2018 stattfanden, schlossen mit einer Anpassung des Textes durch die Mitgliedsstaaten. Es ist das [&hellip;]<\/p>\n","protected":false},"author":2,"featured_media":24598,"comment_status":"closed","ping_status":"closed","sticky":false,"template":"","format":"standard","meta":{"_et_pb_use_builder":"","_et_pb_old_content":"","_et_gb_content_width":"","footnotes":""},"categories":[452],"tags":[],"class_list":["post-24667","post","type-post","status-publish","format-standard","has-post-thumbnail","hentry","category-un-prasenz"],"jetpack_featured_media_url":"https:\/\/i0.wp.com\/www.claret.org\/wp-content\/uploads\/2018\/07\/Global-Compact-UN-1.jpg?fit=4032%2C3024&ssl=1","jetpack_sharing_enabled":true,"jetpack_shortlink":"https:\/\/wp.me\/pdaBmi-6pR","jetpack_likes_enabled":true,"_links":{"self":[{"href":"https:\/\/www.claret.org\/de\/wp-json\/wp\/v2\/posts\/24667","targetHints":{"allow":["GET"]}}],"collection":[{"href":"https:\/\/www.claret.org\/de\/wp-json\/wp\/v2\/posts"}],"about":[{"href":"https:\/\/www.claret.org\/de\/wp-json\/wp\/v2\/types\/post"}],"author":[{"embeddable":true,"href":"https:\/\/www.claret.org\/de\/wp-json\/wp\/v2\/users\/2"}],"replies":[{"embeddable":true,"href":"https:\/\/www.claret.org\/de\/wp-json\/wp\/v2\/comments?post=24667"}],"version-history":[{"count":0,"href":"https:\/\/www.claret.org\/de\/wp-json\/wp\/v2\/posts\/24667\/revisions"}],"wp:featuredmedia":[{"embeddable":true,"href":"https:\/\/www.claret.org\/de\/wp-json\/wp\/v2\/media\/24598"}],"wp:attachment":[{"href":"https:\/\/www.claret.org\/de\/wp-json\/wp\/v2\/media?parent=24667"}],"wp:term":[{"taxonomy":"category","embeddable":true,"href":"https:\/\/www.claret.org\/de\/wp-json\/wp\/v2\/categories?post=24667"},{"taxonomy":"post_tag","embeddable":true,"href":"https:\/\/www.claret.org\/de\/wp-json\/wp\/v2\/tags?post=24667"}],"curies":[{"name":"wp","href":"https:\/\/api.w.org\/{rel}","templated":true}]}}