{"id":24669,"date":"2018-07-18T17:43:06","date_gmt":"2018-07-18T15:43:06","guid":{"rendered":"https:\/\/www.claret.org\/weihen-und-jubilaen-im-kongo\/"},"modified":"2018-07-18T17:43:06","modified_gmt":"2018-07-18T15:43:06","slug":"weihen-und-jubilaen-im-kongo","status":"publish","type":"post","link":"https:\/\/www.claret.org\/de\/weihen-und-jubilaen-im-kongo\/","title":{"rendered":"Weihen und Jubil\u00e4en im Kongo"},"content":{"rendered":"<p><span id=\"result_box\" class=\"\" lang=\"en\"><span class=\"\"><strong>Kinshasa, Dem. Rep. Kongo<\/strong>. Am Sonntag, dem 15. Juli 2018 begannen im Kongo die Feiern zum 169. Jahrestag der Gr\u00fcndung unserer Kongregation mit der Weihe von zwei Mitbr\u00fcdern: John Paul Katy Zola CMF wurde zum Diakon geweiht und Jacques Kamenga CMF zum Priester. Drei weitere Mitbr\u00fcder feierten ihr silbernes Professjubil\u00e4um: P. <\/span><span class=\"\">Rodolphe Mukusa, P. Charles Ninganza und P. Cleophas Nymilongo, die bei der Gabenbereitung ihr Versprechen erneuerten. Eigentlich sollten es vier Jubilare sind, aber P. Emery Kibula CMF ist noch in Indien, wo er seine Studien abschlie\u00dft.<\/span><\/span><\/p>\n<p><span id=\"result_box\" class=\"\" lang=\"en\"><span class=\"\">Zwei Bisch\u00f6fe waren bei der Feier anwesent: Bischof Emery Ikela von Koleant und Administrator von B<\/span><span class=\"\">okungu Ikela (Hautpzelebrant) und Weihbischof Eduard Kisonga von Kinshasa.<\/span> Bei seiner Predigt zog Bischof Kibal die Lesungen des 15. Sonntags im Jahreskreis heran und betonte die Verf\u00fcgbarkeit f\u00fcr die Mission.<br \/>\n<\/span><\/p>\n<p><span id=\"result_box\" class=\"\" lang=\"en\"><span class=\"\">Mehrere Mitbr\u00fcder, Mitglieder der claretinischen Familie, Angeh\u00f6rige der Weihekandidaten und Jubilare, Freunde und Wohlt\u00e4ter der Delegation waren bei der Feier. Ein schlichtes Mahl wurde nach der Veranstaltung serviert.<br \/>\n<\/span><\/span><\/p>\n<p><span id=\"result_box\" class=\"\" lang=\"en\"><span class=\"\">Am Tag darauf, dem 16. Juli, feierte der Neupriester seine Primiz im Scholastikat in Anwesenheit von mehreren Mitbr\u00fcdern und einigen Mitgliedern anderer Ordensgemeinschaften. Und am Dienstag, dem 17. Juli begannen ebenfalls im Scholastikat die Exerzitien f\u00fcr die erste Gruppe von Mitgliedern der Delegation Kongo. Darauf folgt eine Sitzung, die sich mit dem Fortschritt der Delegation befasst. Der Jesuit P. Crispin Mbala begleitet die letzten beiden Aktivit\u00e4ten.<\/span><\/span><\/p>\n","protected":false},"excerpt":{"rendered":"<p>Kinshasa, Dem. Rep. Kongo. Am Sonntag, dem 15. Juli 2018 begannen im Kongo die Feiern zum 169. Jahrestag der Gr\u00fcndung unserer Kongregation mit der Weihe von zwei Mitbr\u00fcdern: John Paul Katy Zola CMF wurde zum Diakon geweiht und Jacques Kamenga CMF zum Priester. Drei weitere Mitbr\u00fcder feierten ihr silbernes Professjubil\u00e4um: P. Rodolphe Mukusa, P. Charles [&hellip;]<\/p>\n","protected":false},"author":2,"featured_media":24639,"comment_status":"closed","ping_status":"closed","sticky":false,"template":"","format":"standard","meta":{"_et_pb_use_builder":"","_et_pb_old_content":"","_et_gb_content_width":"","footnotes":""},"categories":[980,139,576],"tags":[],"class_list":["post-24669","post","type-post","status-publish","format-standard","has-post-thumbnail","hentry","category-afrika","category-congo-de","category-ordinationen"],"jetpack_featured_media_url":"https:\/\/i0.wp.com\/www.claret.org\/wp-content\/uploads\/2018\/07\/congo-ordinations-july-2018.jpg?fit=4128%2C3096&ssl=1","jetpack_sharing_enabled":true,"jetpack_shortlink":"https:\/\/wp.me\/pdaBmi-6pT","jetpack_likes_enabled":true,"_links":{"self":[{"href":"https:\/\/www.claret.org\/de\/wp-json\/wp\/v2\/posts\/24669","targetHints":{"allow":["GET"]}}],"collection":[{"href":"https:\/\/www.claret.org\/de\/wp-json\/wp\/v2\/posts"}],"about":[{"href":"https:\/\/www.claret.org\/de\/wp-json\/wp\/v2\/types\/post"}],"author":[{"embeddable":true,"href":"https:\/\/www.claret.org\/de\/wp-json\/wp\/v2\/users\/2"}],"replies":[{"embeddable":true,"href":"https:\/\/www.claret.org\/de\/wp-json\/wp\/v2\/comments?post=24669"}],"version-history":[{"count":0,"href":"https:\/\/www.claret.org\/de\/wp-json\/wp\/v2\/posts\/24669\/revisions"}],"wp:featuredmedia":[{"embeddable":true,"href":"https:\/\/www.claret.org\/de\/wp-json\/wp\/v2\/media\/24639"}],"wp:attachment":[{"href":"https:\/\/www.claret.org\/de\/wp-json\/wp\/v2\/media?parent=24669"}],"wp:term":[{"taxonomy":"category","embeddable":true,"href":"https:\/\/www.claret.org\/de\/wp-json\/wp\/v2\/categories?post=24669"},{"taxonomy":"post_tag","embeddable":true,"href":"https:\/\/www.claret.org\/de\/wp-json\/wp\/v2\/tags?post=24669"}],"curies":[{"name":"wp","href":"https:\/\/api.w.org\/{rel}","templated":true}]}}