{"id":26784,"date":"2018-03-04T21:40:34","date_gmt":"2018-03-04T19:40:34","guid":{"rendered":"https:\/\/www.claret.org\/ein-blick-auf-den-glauben-unserer-vorfahren\/"},"modified":"2018-03-04T21:40:34","modified_gmt":"2018-03-04T19:40:34","slug":"ein-blick-auf-den-glauben-unserer-vorfahren","status":"publish","type":"post","link":"https:\/\/www.claret.org\/de\/ein-blick-auf-den-glauben-unserer-vorfahren\/","title":{"rendered":"Ein Blick auf den Glauben unserer Vorfahren"},"content":{"rendered":"<div><span style=\"color: #000000;\"><strong><span class=\"_Xbe\">Santiago, Chile. <\/span><\/strong>Die Universit\u00e4t von Chile hat anl\u00e4sslich von Restaurierungs- und Erhaltungsma\u00dfnahmen den Dokumentarfilm \u201eAndacollo\u201c von 1958 zur Verf\u00fcgung gestellt. Dieses Werk ist einer der Filme, die das \u201eneue chilenische Kino\u201c begr\u00fcndeten und und zeigt in aller tiefe das popul\u00e4re Fest der Muttergottes von Andacollo in seiner aufgeladenen und gef\u00fchlvollen poetischen Erz\u00e4hlung \u00fcber das Volk und die Traditionen.<\/span><\/div>\n<div><\/div>\n<div><span style=\"color: #000000;\">F\u00fcr uns Claretiner-Missionare ist er ein wertvollen St\u00fcck unserer Geschichte, das die Wallfahrtskirche Andacollo seit 1900 eine missionarische Position im Norden von Chile ist und 1901 als erste Pfarrei von der Kongregation \u00fcbernommen wurde, auch wenn es Aufzeichnungen \u00fcber Volksmissionen mit Claretinerspuren schon seit 1873 gibt. F\u00fcr das chilenische Volk und f\u00fcr die Missionare, die dort t\u00e4tig sind, ist das Fest der Muttergottes von Andacollo ein starker Ausdruck des Volksgef\u00fchls, der Tradition und des Glauben, der zur Wallfahrt wird. Die Missionare verstanden es, die kulturellen Elemente und das Evangelium zu verbinden; dieser Film von vor sechzig Jahren beweist es uns und gestattet uns, uns auf den Glauben unserer Vorfahren einzustellen.<\/span><\/div>\n<div>\n<div><\/div>\n<div><span style=\"color: #000000; font-family: Open Sans, sans-serif;\">Video:<\/span><a href=\"http:\/\/www.cinetecavirtual.cl\/fichapelicula.php?cod=72\" target=\"_blank\" rel=\"noopener nofollow\" data-saferedirecturl=\"https:\/\/www.google.com\/url?q=http:\/\/www.cinetecavirtual.cl\/fichapelicula.php?cod%3D72&amp;source=gmail&amp;ust=1520180809029000&amp;usg=AFQjCNGDNlUs7qJS2ILCZ77xALfmZcqnug\"> http:\/\/www.cinetecavirtual.cl\/<wbr \/>fichapelicula.php?cod=72<\/a><\/div>\n<\/div>\n","protected":false},"excerpt":{"rendered":"<p>Santiago, Chile. Die Universit\u00e4t von Chile hat anl\u00e4sslich von Restaurierungs- und Erhaltungsma\u00dfnahmen den Dokumentarfilm \u201eAndacollo\u201c von 1958 zur Verf\u00fcgung gestellt. Dieses Werk ist einer der Filme, die das \u201eneue chilenische Kino\u201c begr\u00fcndeten und und zeigt in aller tiefe das popul\u00e4re Fest der Muttergottes von Andacollo in seiner aufgeladenen und gef\u00fchlvollen poetischen Erz\u00e4hlung \u00fcber das Volk [&hellip;]<\/p>\n","protected":false},"author":2,"featured_media":26778,"comment_status":"closed","ping_status":"closed","sticky":false,"template":"","format":"standard","meta":{"_et_pb_use_builder":"","_et_pb_old_content":"","_et_gb_content_width":"","footnotes":""},"categories":[355,1106,392],"tags":[],"class_list":["post-26784","post","type-post","status-publish","format-standard","has-post-thumbnail","hentry","category-amerika","category-pfarramt","category-san-jose-del-sur-de"],"jetpack_featured_media_url":"https:\/\/i0.wp.com\/www.claret.org\/wp-content\/uploads\/2018\/08\/pic_0.png?fit=515%2C367&ssl=1","jetpack_sharing_enabled":true,"jetpack_shortlink":"https:\/\/wp.me\/pdaBmi-6Y0","jetpack_likes_enabled":true,"_links":{"self":[{"href":"https:\/\/www.claret.org\/de\/wp-json\/wp\/v2\/posts\/26784","targetHints":{"allow":["GET"]}}],"collection":[{"href":"https:\/\/www.claret.org\/de\/wp-json\/wp\/v2\/posts"}],"about":[{"href":"https:\/\/www.claret.org\/de\/wp-json\/wp\/v2\/types\/post"}],"author":[{"embeddable":true,"href":"https:\/\/www.claret.org\/de\/wp-json\/wp\/v2\/users\/2"}],"replies":[{"embeddable":true,"href":"https:\/\/www.claret.org\/de\/wp-json\/wp\/v2\/comments?post=26784"}],"version-history":[{"count":0,"href":"https:\/\/www.claret.org\/de\/wp-json\/wp\/v2\/posts\/26784\/revisions"}],"wp:featuredmedia":[{"embeddable":true,"href":"https:\/\/www.claret.org\/de\/wp-json\/wp\/v2\/media\/26778"}],"wp:attachment":[{"href":"https:\/\/www.claret.org\/de\/wp-json\/wp\/v2\/media?parent=26784"}],"wp:term":[{"taxonomy":"category","embeddable":true,"href":"https:\/\/www.claret.org\/de\/wp-json\/wp\/v2\/categories?post=26784"},{"taxonomy":"post_tag","embeddable":true,"href":"https:\/\/www.claret.org\/de\/wp-json\/wp\/v2\/tags?post=26784"}],"curies":[{"name":"wp","href":"https:\/\/api.w.org\/{rel}","templated":true}]}}