{"id":26998,"date":"2018-08-22T19:11:47","date_gmt":"2018-08-22T17:11:47","guid":{"rendered":"https:\/\/www.claret.org\/ehrenmedaille-fur-claretiner-missionare-in-riosucio\/"},"modified":"2018-08-22T19:11:47","modified_gmt":"2018-08-22T17:11:47","slug":"ehrenmedaille-fur-claretiner-missionare-in-riosucio","status":"publish","type":"post","link":"https:\/\/www.claret.org\/de\/ehrenmedaille-fur-claretiner-missionare-in-riosucio\/","title":{"rendered":"Ehrenmedaille f\u00fcr Claretiner-Missionare in Riosucio"},"content":{"rendered":"<p><strong>Riosucio, Kolumbien.<\/strong> Am 15. August wurden bei einer besonderen Gedenkfeier zum 30\u2212j\u00e4hrigen Bestehen der Di\u00f6zese Apartad\u00f3 die Claretiner-Missionare von Riosucio, die in all diesen Jahren und schon zuvor in diesen Landen t\u00e4tig waren, mit der Isa\u00edas-Duarte-Cancion-Medaille ausgezeichnet, die von der Di\u00f6zese verliehen wird und mit der sie Menschen und Institutionen anerkennt und begl\u00fcckw\u00fcnscht, die sich verdient gemacht haben.<\/p>\n<p>[envira-gallery id=&#8220;26972&#8243;]<\/p>\n<p>&nbsp;<\/p>\n","protected":false},"excerpt":{"rendered":"<p>Riosucio, Kolumbien. Am 15. August wurden bei einer besonderen Gedenkfeier zum 30\u2212j\u00e4hrigen Bestehen der Di\u00f6zese Apartad\u00f3 die Claretiner-Missionare von Riosucio, die in all diesen Jahren und schon zuvor in diesen Landen t\u00e4tig waren, mit der Isa\u00edas-Duarte-Cancion-Medaille ausgezeichnet, die von der Di\u00f6zese verliehen wird und mit der sie Menschen und Institutionen anerkennt und begl\u00fcckw\u00fcnscht, die sich [&hellip;]<\/p>\n","protected":false},"author":2,"featured_media":26987,"comment_status":"closed","ping_status":"closed","sticky":false,"template":"","format":"standard","meta":{"_et_pb_use_builder":"","_et_pb_old_content":"","_et_gb_content_width":"","footnotes":""},"categories":[355,372,1106],"tags":[],"class_list":["post-26998","post","type-post","status-publish","format-standard","has-post-thumbnail","hentry","category-amerika","category-colombia-venezuela-de","category-pfarramt"],"jetpack_featured_media_url":"https:\/\/i0.wp.com\/www.claret.org\/wp-content\/uploads\/2018\/08\/MEDALLA-ISAIAS-DUARTE-CANCINO2.jpeg?fit=1024%2C768&ssl=1","jetpack_sharing_enabled":true,"jetpack_shortlink":"https:\/\/wp.me\/pdaBmi-71s","jetpack_likes_enabled":true,"_links":{"self":[{"href":"https:\/\/www.claret.org\/de\/wp-json\/wp\/v2\/posts\/26998","targetHints":{"allow":["GET"]}}],"collection":[{"href":"https:\/\/www.claret.org\/de\/wp-json\/wp\/v2\/posts"}],"about":[{"href":"https:\/\/www.claret.org\/de\/wp-json\/wp\/v2\/types\/post"}],"author":[{"embeddable":true,"href":"https:\/\/www.claret.org\/de\/wp-json\/wp\/v2\/users\/2"}],"replies":[{"embeddable":true,"href":"https:\/\/www.claret.org\/de\/wp-json\/wp\/v2\/comments?post=26998"}],"version-history":[{"count":0,"href":"https:\/\/www.claret.org\/de\/wp-json\/wp\/v2\/posts\/26998\/revisions"}],"wp:featuredmedia":[{"embeddable":true,"href":"https:\/\/www.claret.org\/de\/wp-json\/wp\/v2\/media\/26987"}],"wp:attachment":[{"href":"https:\/\/www.claret.org\/de\/wp-json\/wp\/v2\/media?parent=26998"}],"wp:term":[{"taxonomy":"category","embeddable":true,"href":"https:\/\/www.claret.org\/de\/wp-json\/wp\/v2\/categories?post=26998"},{"taxonomy":"post_tag","embeddable":true,"href":"https:\/\/www.claret.org\/de\/wp-json\/wp\/v2\/tags?post=26998"}],"curies":[{"name":"wp","href":"https:\/\/api.w.org\/{rel}","templated":true}]}}