{"id":27592,"date":"2018-09-01T10:04:10","date_gmt":"2018-09-01T08:04:10","guid":{"rendered":"https:\/\/www.claret.org\/claretiner-hilfe-fur-kerala\/"},"modified":"2018-09-01T11:03:23","modified_gmt":"2018-09-01T09:03:23","slug":"claretiner-hilfe-fur-kerala","status":"publish","type":"post","link":"https:\/\/www.claret.org\/de\/claretiner-hilfe-fur-kerala\/","title":{"rendered":"Claretiner-Hilfe f\u00fcr Kerala"},"content":{"rendered":"<p>Das Video ist \u00fcber Claretian&#8217;s ARK (Action and Relief for Kerala), eine soziale Initiative der St. Thomas-Provinz der Claretiner f\u00fcr die Opfer der j\u00fcngsten \u00dcberschwemmungen in Kerala.<\/p>\n","protected":false},"excerpt":{"rendered":"<p>Das Video ist \u00fcber Claretian&#8217;s ARK (Action and Relief for Kerala), eine soziale Initiative der St. Thomas-Provinz der Claretiner f\u00fcr die Opfer der j\u00fcngsten \u00dcberschwemmungen in Kerala.<\/p>\n","protected":false},"author":2,"featured_media":27583,"comment_status":"closed","ping_status":"closed","sticky":false,"template":"","format":"standard","meta":{"_et_pb_use_builder":"","_et_pb_old_content":"","_et_gb_content_width":"","footnotes":""},"categories":[219,443,251],"tags":[],"class_list":["post-27592","post","type-post","status-publish","format-standard","has-post-thumbnail","hentry","category-asien-west","category-solidaritat-und-mission","category-st-thomas-de"],"jetpack_featured_media_url":"https:\/\/i0.wp.com\/www.claret.org\/wp-content\/uploads\/2018\/09\/Screenshot-2018-09-01-10.02.33.png?fit=1920%2C1080&ssl=1","jetpack_sharing_enabled":true,"jetpack_shortlink":"https:\/\/wp.me\/pdaBmi-7b2","jetpack_likes_enabled":true,"_links":{"self":[{"href":"https:\/\/www.claret.org\/de\/wp-json\/wp\/v2\/posts\/27592","targetHints":{"allow":["GET"]}}],"collection":[{"href":"https:\/\/www.claret.org\/de\/wp-json\/wp\/v2\/posts"}],"about":[{"href":"https:\/\/www.claret.org\/de\/wp-json\/wp\/v2\/types\/post"}],"author":[{"embeddable":true,"href":"https:\/\/www.claret.org\/de\/wp-json\/wp\/v2\/users\/2"}],"replies":[{"embeddable":true,"href":"https:\/\/www.claret.org\/de\/wp-json\/wp\/v2\/comments?post=27592"}],"version-history":[{"count":0,"href":"https:\/\/www.claret.org\/de\/wp-json\/wp\/v2\/posts\/27592\/revisions"}],"wp:featuredmedia":[{"embeddable":true,"href":"https:\/\/www.claret.org\/de\/wp-json\/wp\/v2\/media\/27583"}],"wp:attachment":[{"href":"https:\/\/www.claret.org\/de\/wp-json\/wp\/v2\/media?parent=27592"}],"wp:term":[{"taxonomy":"category","embeddable":true,"href":"https:\/\/www.claret.org\/de\/wp-json\/wp\/v2\/categories?post=27592"},{"taxonomy":"post_tag","embeddable":true,"href":"https:\/\/www.claret.org\/de\/wp-json\/wp\/v2\/tags?post=27592"}],"curies":[{"name":"wp","href":"https:\/\/api.w.org\/{rel}","templated":true}]}}