{"id":29315,"date":"2018-09-13T20:32:30","date_gmt":"2018-09-13T18:32:30","guid":{"rendered":"https:\/\/www.claret.org\/neuer-provinzial-von-ost-kolumbien-ecuador\/"},"modified":"2018-09-13T20:32:30","modified_gmt":"2018-09-13T18:32:30","slug":"neuer-provinzial-von-ost-kolumbien-ecuador","status":"publish","type":"post","link":"https:\/\/www.claret.org\/de\/neuer-provinzial-von-ost-kolumbien-ecuador\/","title":{"rendered":"Neuer Provinzial von Ost-Kolumbien\/Ecuador"},"content":{"rendered":"<p><strong>Bogot\u00e1, Kolumbien.<\/strong> Am 13. September 2018 wurde beim 15. Provinzkapitel von Ost-Kolumbien\/Ecuador <strong>P. Josu\u00e9 Gonz\u00e1lez Jaramillo CMF<\/strong> zum neuen Provinzial dieses Organismus gew\u00e4hlt. P. Josu\u00e9 ist am 2. Januar 1962 in Bogot\u00e1 (Kolumbien) geboren. Seine erste Profess machte er am 23. Januar 1983 und die ewige am 14. Januar 1990. Am 27. Dezember 1991 wurde er zum Priester geweiht.<\/p>\n","protected":false},"excerpt":{"rendered":"<p>Bogot\u00e1, Kolumbien. Am 13. September 2018 wurde beim 15. Provinzkapitel von Ost-Kolumbien\/Ecuador P. Josu\u00e9 Gonz\u00e1lez Jaramillo CMF zum neuen Provinzial dieses Organismus gew\u00e4hlt. P. Josu\u00e9 ist am 2. Januar 1962 in Bogot\u00e1 (Kolumbien) geboren. Seine erste Profess machte er am 23. Januar 1983 und die ewige am 14. Januar 1990. Am 27. Dezember 1991 wurde [&hellip;]<\/p>\n","protected":false},"author":2,"featured_media":29291,"comment_status":"closed","ping_status":"closed","sticky":false,"template":"","format":"standard","meta":{"_et_pb_use_builder":"","_et_pb_old_content":"","_et_gb_content_width":"","footnotes":""},"categories":[355,380],"tags":[],"class_list":["post-29315","post","type-post","status-publish","format-standard","has-post-thumbnail","hentry","category-amerika","category-colombia-oriental-ecuador-de"],"jetpack_featured_media_url":"https:\/\/i0.wp.com\/www.claret.org\/wp-content\/uploads\/2018\/09\/Josu%C3%A9-Gonz%C3%A1lez-Jaramillo.jpeg?fit=1600%2C1200&ssl=1","jetpack_sharing_enabled":true,"jetpack_shortlink":"https:\/\/wp.me\/pdaBmi-7CP","jetpack_likes_enabled":true,"_links":{"self":[{"href":"https:\/\/www.claret.org\/de\/wp-json\/wp\/v2\/posts\/29315","targetHints":{"allow":["GET"]}}],"collection":[{"href":"https:\/\/www.claret.org\/de\/wp-json\/wp\/v2\/posts"}],"about":[{"href":"https:\/\/www.claret.org\/de\/wp-json\/wp\/v2\/types\/post"}],"author":[{"embeddable":true,"href":"https:\/\/www.claret.org\/de\/wp-json\/wp\/v2\/users\/2"}],"replies":[{"embeddable":true,"href":"https:\/\/www.claret.org\/de\/wp-json\/wp\/v2\/comments?post=29315"}],"version-history":[{"count":0,"href":"https:\/\/www.claret.org\/de\/wp-json\/wp\/v2\/posts\/29315\/revisions"}],"wp:featuredmedia":[{"embeddable":true,"href":"https:\/\/www.claret.org\/de\/wp-json\/wp\/v2\/media\/29291"}],"wp:attachment":[{"href":"https:\/\/www.claret.org\/de\/wp-json\/wp\/v2\/media?parent=29315"}],"wp:term":[{"taxonomy":"category","embeddable":true,"href":"https:\/\/www.claret.org\/de\/wp-json\/wp\/v2\/categories?post=29315"},{"taxonomy":"post_tag","embeddable":true,"href":"https:\/\/www.claret.org\/de\/wp-json\/wp\/v2\/tags?post=29315"}],"curies":[{"name":"wp","href":"https:\/\/api.w.org\/{rel}","templated":true}]}}