{"id":29383,"date":"2018-09-14T06:19:47","date_gmt":"2018-09-14T04:19:47","guid":{"rendered":"https:\/\/www.claret.org\/provinzleitung-von-ost-kolumbien-ecuador-2018-2021\/"},"modified":"2018-09-14T06:19:47","modified_gmt":"2018-09-14T04:19:47","slug":"provinzleitung-von-ost-kolumbien-ecuador-2018-2021","status":"publish","type":"post","link":"https:\/\/www.claret.org\/de\/provinzleitung-von-ost-kolumbien-ecuador-2018-2021\/","title":{"rendered":"Provinzleitung von Ost-Kolumbien\/Ecuador (2018 \u2013 2021)"},"content":{"rendered":"<p><span style=\"font-size: 14pt;\"><strong>Provinzial:<\/strong> P. Josu\u00e9 Gonz\u00e1lez Jaramillo CMF (<em>2. von links)<\/em><\/span><\/p>\n<p><span style=\"font-size: 14pt;\"><strong>Pr\u00e4fekt f\u00fcr das Apostolat:<\/strong> P. Jos\u00e9 Enrique Aponte Annear CMF (<em>links<\/em>)<\/span><\/p>\n<p><span style=\"font-size: 14pt;\"><strong>Pr\u00e4fekt f\u00fcr die Ausbildung:<\/strong> P. Dar\u00edo Alonso Carvajal Aranda CMF (<em>3. von links<\/em>)<\/span><\/p>\n<p><span style=\"font-size: 14pt;\"><strong>Prrovinz\u00f6konom:<\/strong> P. Jos\u00e9 M\u00aa Fl\u00f3rez Jaimes CMF (<em>rechts<\/em>)<\/span><\/p>\n","protected":false},"excerpt":{"rendered":"<p>Provinzial: P. Josu\u00e9 Gonz\u00e1lez Jaramillo CMF (2. von links) Pr\u00e4fekt f\u00fcr das Apostolat: P. Jos\u00e9 Enrique Aponte Annear CMF (links) Pr\u00e4fekt f\u00fcr die Ausbildung: P. Dar\u00edo Alonso Carvajal Aranda CMF (3. von links) Prrovinz\u00f6konom: P. Jos\u00e9 M\u00aa Fl\u00f3rez Jaimes CMF (rechts)<\/p>\n","protected":false},"author":2,"featured_media":29320,"comment_status":"closed","ping_status":"closed","sticky":false,"template":"","format":"standard","meta":{"_et_pb_use_builder":"","_et_pb_old_content":"","_et_gb_content_width":"","footnotes":""},"categories":[355,380],"tags":[],"class_list":["post-29383","post","type-post","status-publish","format-standard","has-post-thumbnail","hentry","category-amerika","category-colombia-oriental-ecuador-de"],"jetpack_featured_media_url":"https:\/\/i0.wp.com\/www.claret.org\/wp-content\/uploads\/2018\/09\/colombia-ecuador-gov.jpeg?fit=1600%2C1200&ssl=1","jetpack_sharing_enabled":true,"jetpack_shortlink":"https:\/\/wp.me\/pdaBmi-7DV","jetpack_likes_enabled":true,"_links":{"self":[{"href":"https:\/\/www.claret.org\/de\/wp-json\/wp\/v2\/posts\/29383","targetHints":{"allow":["GET"]}}],"collection":[{"href":"https:\/\/www.claret.org\/de\/wp-json\/wp\/v2\/posts"}],"about":[{"href":"https:\/\/www.claret.org\/de\/wp-json\/wp\/v2\/types\/post"}],"author":[{"embeddable":true,"href":"https:\/\/www.claret.org\/de\/wp-json\/wp\/v2\/users\/2"}],"replies":[{"embeddable":true,"href":"https:\/\/www.claret.org\/de\/wp-json\/wp\/v2\/comments?post=29383"}],"version-history":[{"count":0,"href":"https:\/\/www.claret.org\/de\/wp-json\/wp\/v2\/posts\/29383\/revisions"}],"wp:featuredmedia":[{"embeddable":true,"href":"https:\/\/www.claret.org\/de\/wp-json\/wp\/v2\/media\/29320"}],"wp:attachment":[{"href":"https:\/\/www.claret.org\/de\/wp-json\/wp\/v2\/media?parent=29383"}],"wp:term":[{"taxonomy":"category","embeddable":true,"href":"https:\/\/www.claret.org\/de\/wp-json\/wp\/v2\/categories?post=29383"},{"taxonomy":"post_tag","embeddable":true,"href":"https:\/\/www.claret.org\/de\/wp-json\/wp\/v2\/tags?post=29383"}],"curies":[{"name":"wp","href":"https:\/\/api.w.org\/{rel}","templated":true}]}}