{"id":29994,"date":"2018-09-19T00:01:32","date_gmt":"2018-09-18T22:01:32","guid":{"rendered":"https:\/\/www.claret.org\/25-jahre-schmiedefeuer\/"},"modified":"2018-09-19T11:55:00","modified_gmt":"2018-09-19T09:55:00","slug":"25-jahre-schmiedefeuer","status":"publish","type":"post","link":"https:\/\/www.claret.org\/de\/25-jahre-schmiedefeuer\/","title":{"rendered":"25 Jahre \u201eSchmiedefeuer\u201c"},"content":{"rendered":"<p><span id=\"result_box\" class=\"\" lang=\"en\"><span title=\"La conmemoraci\u00f3n se cerr\u00f3 con un almuerzo festivo compartido con la comunidad de Los Negrales y una tertulia en la que los participantes de la Fragua 1 compartieron algunas sugerencias con los actuales responsables del proyecto.\"><strong>Los Negrales (Madrid, Spanien).<\/strong> Am 17. September wurde, organisiert vom Generalpr\u00e4fekten f\u00fcr die Spiriutalit\u00e4t, im \u201eSchmiedefeuerzentrum f\u00fcr claretinische Erneuerung\u201c der 25. Jahrestag der ersten Ausgabe des Schmiedefeuers begangen, die von September bis Dezember 1993 in Colmenar Viejo stattfand. Von den dreizehn Teilnehmern nahmen an dieser Feier die neun Claretiner teil, die noch leben und in der Kongregation sind. Nach einer kurzen Erinnerung an die gelebte Erfahrung und den Weg des Schmiedefeuer-Projekts in den letzten 25 Jahren tauschten sich die Teilnehmer dar\u00fcber aus, wie die Erfahrung des Schmiedfeuers sich auf ihre missionarische Berufung ausgewirkt hat. Es folgte die Eucharistiefeier, bei der Claretinerbischof \u00c1ngel Garrachana von San Pedro Sula in Honduras Hauptzelebrant war. Als das Schmiedefeuer begann, war er Provinzial von Kastilien gewesen und hatte das Projekt angesto\u00dfen. Die Gedenkfeier schloss mit einem festlichen Mittagessen mit der Gemeinschaft von Los Negrales und einem Stammtischgespr\u00e4ch, bei dem  die Teilnehmer am ersten Schmiedefeuer den gegenw\u00e4rtigen Verantwortlichen das Projekts einige Anregungen gaben.<\/span><\/span><\/p>\n<p>&nbsp;<\/p>\n<p>[envira-gallery id=&#8220;29836&#8243;]<\/p>\n","protected":false},"excerpt":{"rendered":"<p>Los Negrales (Madrid, Spanien). Am 17. September wurde, organisiert vom Generalpr\u00e4fekten f\u00fcr die Spiriutalit\u00e4t, im \u201eSchmiedefeuerzentrum f\u00fcr claretinische Erneuerung\u201c der 25. Jahrestag der ersten Ausgabe des Schmiedefeuers begangen, die von September bis Dezember 1993 in Colmenar Viejo stattfand. Von den dreizehn Teilnehmern nahmen an dieser Feier die neun Claretiner teil, die noch leben und in [&hellip;]<\/p>\n","protected":false},"author":2,"featured_media":29863,"comment_status":"closed","ping_status":"closed","sticky":false,"template":"","format":"standard","meta":{"_et_pb_use_builder":"","_et_pb_old_content":"","_et_gb_content_width":"","footnotes":""},"categories":[619,616],"tags":[],"class_list":["post-29994","post","type-post","status-publish","format-standard","has-post-thumbnail","hentry","category-die-schmiede","category-spiritualita"],"jetpack_featured_media_url":"https:\/\/i0.wp.com\/www.claret.org\/wp-content\/uploads\/2018\/09\/25-aniversario-de-la-primera-edici%C3%B3n-de-La-Fragua-9.jpeg?fit=1600%2C1200&ssl=1","jetpack_sharing_enabled":true,"jetpack_shortlink":"https:\/\/wp.me\/pdaBmi-7NM","jetpack_likes_enabled":true,"_links":{"self":[{"href":"https:\/\/www.claret.org\/de\/wp-json\/wp\/v2\/posts\/29994","targetHints":{"allow":["GET"]}}],"collection":[{"href":"https:\/\/www.claret.org\/de\/wp-json\/wp\/v2\/posts"}],"about":[{"href":"https:\/\/www.claret.org\/de\/wp-json\/wp\/v2\/types\/post"}],"author":[{"embeddable":true,"href":"https:\/\/www.claret.org\/de\/wp-json\/wp\/v2\/users\/2"}],"replies":[{"embeddable":true,"href":"https:\/\/www.claret.org\/de\/wp-json\/wp\/v2\/comments?post=29994"}],"version-history":[{"count":0,"href":"https:\/\/www.claret.org\/de\/wp-json\/wp\/v2\/posts\/29994\/revisions"}],"wp:featuredmedia":[{"embeddable":true,"href":"https:\/\/www.claret.org\/de\/wp-json\/wp\/v2\/media\/29863"}],"wp:attachment":[{"href":"https:\/\/www.claret.org\/de\/wp-json\/wp\/v2\/media?parent=29994"}],"wp:term":[{"taxonomy":"category","embeddable":true,"href":"https:\/\/www.claret.org\/de\/wp-json\/wp\/v2\/categories?post=29994"},{"taxonomy":"post_tag","embeddable":true,"href":"https:\/\/www.claret.org\/de\/wp-json\/wp\/v2\/tags?post=29994"}],"curies":[{"name":"wp","href":"https:\/\/api.w.org\/{rel}","templated":true}]}}