{"id":30597,"date":"2018-09-30T09:19:20","date_gmt":"2018-09-30T07:19:20","guid":{"rendered":"https:\/\/www.claret.org\/pfarrei-heilig-kreuz-und-herz-marien-geht-zuruck-an-erzdiozese-chicago\/"},"modified":"2018-09-30T09:19:20","modified_gmt":"2018-09-30T07:19:20","slug":"pfarrei-heilig-kreuz-und-herz-marien-geht-zuruck-an-erzdiozese-chicago","status":"publish","type":"post","link":"https:\/\/www.claret.org\/de\/pfarrei-heilig-kreuz-und-herz-marien-geht-zuruck-an-erzdiozese-chicago\/","title":{"rendered":"Pfarrei Heilig-Kreuz und Herz-Marien geht zur\u00fcck an Erzdi\u00f6zese Chicago"},"content":{"rendered":"<p><strong>Chicago, USA.<\/strong> Nach \u00fcber 60 Jahren Seelsorge gaben die Claretiner-Missionare im gegenseitigen Einverst\u00e4ndnis mit der Erzdi\u00f6zese Chicago die Pfarreien Heilig Kreuz (4541 South Wood Street) und Herz Marien (4521 South Ashland Avenue) am 1. September 2018 an die Erzdi\u00f6zese zur\u00fcck.<\/p>\n<p>In den vielen Jahren ihres Einsatzes konnten die Claretiner einen Zugang und erfolgreiche Programme f\u00fcr die Jugend in einer der besonders belasteten Gegenden von Chicago \u201ehinter den H\u00f6fen\u201c gew\u00e4hrleisten.<\/p>\n<p>Ein Abschiedsgottesdienst f\u00fcr die Claretiner fand am 25. August in der Pfarrei Herz-Marien statt. Viele Pfarrangeh\u00f6rige waren dabei, um den Claretinern f\u00fcr ihre vielen Jahre im Einsatz f\u00fcr die Pfarrei und f\u00fcr das Viertel zu danken.<\/p>\n<p>In einem Brief an P. Rosendo stellt Kardinal Cupich fest:<\/p>\n<blockquote><p><em>\u201eDa eure Gemeinschaft ihren Dienst in den Pfarreien Heilig-Kreuz und Herz-Marien beendet, m\u00f6chte ich meine herzlichsten W\u00fcnsche und meine Wertsch\u00e4tzung f\u00fcr euren gro\u00dfm\u00fctigen Dienst in der Erzdi\u00f6zese Chicago mitteilen \u2026 Ich bin dankbar f\u00fcr den guten Grund, der von den Claretinern in dieser Gemeinde gelegt wurde. Er wird es den Nachfolgern m\u00f6glich machen, auf diesem Grund aufzubauen.\u201c<\/em><\/p><\/blockquote>\n","protected":false},"excerpt":{"rendered":"<p>Chicago, USA. Nach \u00fcber 60 Jahren Seelsorge gaben die Claretiner-Missionare im gegenseitigen Einverst\u00e4ndnis mit der Erzdi\u00f6zese Chicago die Pfarreien Heilig Kreuz (4541 South Wood Street) und Herz Marien (4521 South Ashland Avenue) am 1. September 2018 an die Erzdi\u00f6zese zur\u00fcck. In den vielen Jahren ihres Einsatzes konnten die Claretiner einen Zugang und erfolgreiche Programme f\u00fcr [&hellip;]<\/p>\n","protected":false},"author":2,"featured_media":30482,"comment_status":"closed","ping_status":"closed","sticky":false,"template":"","format":"standard","meta":{"_et_pb_use_builder":"","_et_pb_old_content":"","_et_gb_content_width":"","footnotes":""},"categories":[1106,598],"tags":[],"class_list":["post-30597","post","type-post","status-publish","format-standard","has-post-thumbnail","hentry","category-pfarramt","category-usa-canada-de"],"jetpack_featured_media_url":"https:\/\/i0.wp.com\/www.claret.org\/wp-content\/uploads\/2018\/09\/holy-cross-and-ihmp.jpg?fit=2100%2C936&ssl=1","jetpack_sharing_enabled":true,"jetpack_shortlink":"https:\/\/wp.me\/pdaBmi-7Xv","jetpack_likes_enabled":true,"_links":{"self":[{"href":"https:\/\/www.claret.org\/de\/wp-json\/wp\/v2\/posts\/30597","targetHints":{"allow":["GET"]}}],"collection":[{"href":"https:\/\/www.claret.org\/de\/wp-json\/wp\/v2\/posts"}],"about":[{"href":"https:\/\/www.claret.org\/de\/wp-json\/wp\/v2\/types\/post"}],"author":[{"embeddable":true,"href":"https:\/\/www.claret.org\/de\/wp-json\/wp\/v2\/users\/2"}],"replies":[{"embeddable":true,"href":"https:\/\/www.claret.org\/de\/wp-json\/wp\/v2\/comments?post=30597"}],"version-history":[{"count":0,"href":"https:\/\/www.claret.org\/de\/wp-json\/wp\/v2\/posts\/30597\/revisions"}],"wp:featuredmedia":[{"embeddable":true,"href":"https:\/\/www.claret.org\/de\/wp-json\/wp\/v2\/media\/30482"}],"wp:attachment":[{"href":"https:\/\/www.claret.org\/de\/wp-json\/wp\/v2\/media?parent=30597"}],"wp:term":[{"taxonomy":"category","embeddable":true,"href":"https:\/\/www.claret.org\/de\/wp-json\/wp\/v2\/categories?post=30597"},{"taxonomy":"post_tag","embeddable":true,"href":"https:\/\/www.claret.org\/de\/wp-json\/wp\/v2\/tags?post=30597"}],"curies":[{"name":"wp","href":"https:\/\/api.w.org\/{rel}","templated":true}]}}