{"id":31583,"date":"2018-10-10T12:39:42","date_gmt":"2018-10-10T10:39:42","guid":{"rendered":"https:\/\/www.claret.org\/apostolatstreffen-von-katalonien-baskenland-frankreich-italien\/"},"modified":"2018-10-11T14:57:24","modified_gmt":"2018-10-11T12:57:24","slug":"apostolatstreffen-von-katalonien-baskenland-frankreich-italien","status":"publish","type":"post","link":"https:\/\/www.claret.org\/de\/apostolatstreffen-von-katalonien-baskenland-frankreich-italien\/","title":{"rendered":"Apostolatstreffen von Katalonien-Baskenland-Frankreich-Italien"},"content":{"rendered":"<p><strong>Vic, Spanien.<\/strong> Die Apostolatspr\u00e4fekten von Katalonien, dem Baskenland, Frankreich und Italien versammelten in Vic vom 5. bis 7. Oktober etwa f\u00fcnfzig Ordensleute und Laien aus den betreffenden Organismen.<\/p>\n<p>Zu Beginn des Treffens stellte der General\u00f6konom P. Manuel Tamargo CMF, der diese Organismen bei der Verschmelzung zu einem Organismus begleitet, den Reorganisationsprozess vor, dem sich die Kongregation in Europa unterzieht, insbesondere in diesen vier Organismen, um ihre Kr\u00e4fte zu b\u00fcndeln und imstande zu sein, das Evangelium den Menschen unserer Zeit in einer bedeutsamen Weise zu verk\u00fcnden.<\/p>\n<p>Eine Furcht dieses Prozesses ist das Dokument <em>Zu einem Lebens- und Missionsprojekt der Provinz,<\/em> das von P. Ricard Costa-Juss\u00e0 und P. Agust\u00edn Ortiz vorgestellt wurde und als Grundlage f\u00fcr die Gruppenarbeit am Vormittag diente.<\/p>\n<p>Der Vormittag endete mit einer kurzen Pr\u00e4sentation der Generalsekret\u00e4rin der Bewegung der Laien-Claretiner Bernardeta Arbaiza \u00fcber die Pr\u00e4senz der Bewegung in diesen Claretiner-Organismen und ihre Lage vor der Reorganisation.<\/p>\n<p>Am Nachmittag stellten P. Aitor Kamiruaga und P. Ricard Costa-Juss\u00e0 die Lage der Claretiner-Schulen im Baskenland und in Katalonien vor \u2013 eine sehr anspruchsvolle missionarische Aufgabe, an der viele Menschen sowohl als Mitarbeiter als auch als Sch\u00fcler beteiligt sind, eine wahre Herausforderung bei der Verk\u00fcndigung des Evangeliums.<\/p>\n<p>Der Rest des Nachmittags war der Erneuerung ihres claretinischen Geistes gewidmet. In Begleitung von P. Carlos S\u00e1nchez und Br. Josep Codina besuchten sie die Claretkirche, das Museum und die typischen Pl\u00e4tze in Vic. Sie beendeten diese Claret-Wallfahrt mit einer Gebetsvigil, in der sie die sieben Gaben des Heiligen Geistes feierten.<\/p>\n<p>Am Sonntag Vormittag trafen sie sich nach der Eucharistiefeier in der Krypte nach Apostolatsgebieten (Kinder- und Jugendarbeit, Familien- und Erwachsenenseelsorge, Seelsorge f\u00fcr Randgruppen), um sich \u00fcber ihre Verantwortung in den jeweiligen Organismen auszutauschen und um langsam die ersten Schritte zu erblicken, die unternommen werden m\u00fcssen.<\/p>\n<p>Das Treffen endete mit einer Auswertung und einem Moment des Dankes an alle Menschen, die das Treffen erm\u00f6glicht hatten. Insbesondere wurde die Arbeit der \u00dcbersetzer erw\u00e4hnt, die eine Kommunikation zwischen Menschen aus f\u00fcnf verschiedenen Sprachen m\u00f6glich gemacht hatten.<\/p>\n<p>&nbsp;<\/p>\n<p>[envira-gallery id=&#8220;31503&#8243;]<\/p>\n","protected":false},"excerpt":{"rendered":"<p>Vic, Spanien. Die Apostolatspr\u00e4fekten von Katalonien, dem Baskenland, Frankreich und Italien versammelten in Vic vom 5. bis 7. Oktober etwa f\u00fcnfzig Ordensleute und Laien aus den betreffenden Organismen. Zu Beginn des Treffens stellte der General\u00f6konom P. Manuel Tamargo CMF, der diese Organismen bei der Verschmelzung zu einem Organismus begleitet, den Reorganisationsprozess vor, dem sich die [&hellip;]<\/p>\n","protected":false},"author":2,"featured_media":31506,"comment_status":"closed","ping_status":"closed","sticky":false,"template":"","format":"standard","meta":{"_et_pb_use_builder":"","_et_pb_old_content":"","_et_gb_content_width":"","footnotes":""},"categories":[408,293,298,302,287,283],"tags":[],"class_list":["post-31583","post","type-post","status-publish","format-standard","has-post-thumbnail","hentry","category-apostolat-de","category-euskal-herria-de","category-france-de","category-italia-de","category-catalunya-de","category-sanctus-paulus-de"],"jetpack_featured_media_url":"https:\/\/i0.wp.com\/www.claret.org\/wp-content\/uploads\/2018\/10\/Trobada-dApostola-1.jpg?fit=960%2C720&ssl=1","jetpack_sharing_enabled":true,"jetpack_shortlink":"https:\/\/wp.me\/pdaBmi-8dp","jetpack_likes_enabled":true,"_links":{"self":[{"href":"https:\/\/www.claret.org\/de\/wp-json\/wp\/v2\/posts\/31583","targetHints":{"allow":["GET"]}}],"collection":[{"href":"https:\/\/www.claret.org\/de\/wp-json\/wp\/v2\/posts"}],"about":[{"href":"https:\/\/www.claret.org\/de\/wp-json\/wp\/v2\/types\/post"}],"author":[{"embeddable":true,"href":"https:\/\/www.claret.org\/de\/wp-json\/wp\/v2\/users\/2"}],"replies":[{"embeddable":true,"href":"https:\/\/www.claret.org\/de\/wp-json\/wp\/v2\/comments?post=31583"}],"version-history":[{"count":0,"href":"https:\/\/www.claret.org\/de\/wp-json\/wp\/v2\/posts\/31583\/revisions"}],"wp:featuredmedia":[{"embeddable":true,"href":"https:\/\/www.claret.org\/de\/wp-json\/wp\/v2\/media\/31506"}],"wp:attachment":[{"href":"https:\/\/www.claret.org\/de\/wp-json\/wp\/v2\/media?parent=31583"}],"wp:term":[{"taxonomy":"category","embeddable":true,"href":"https:\/\/www.claret.org\/de\/wp-json\/wp\/v2\/categories?post=31583"},{"taxonomy":"post_tag","embeddable":true,"href":"https:\/\/www.claret.org\/de\/wp-json\/wp\/v2\/tags?post=31583"}],"curies":[{"name":"wp","href":"https:\/\/api.w.org\/{rel}","templated":true}]}}