{"id":34898,"date":"2018-11-20T23:37:48","date_gmt":"2018-11-20T22:37:48","guid":{"rendered":"https:\/\/www.claret.org\/zweiter-tag-des-berufungsrtreffens\/"},"modified":"2018-11-20T23:37:48","modified_gmt":"2018-11-20T21:37:48","slug":"zweiter-tag-des-berufungsrtreffens","status":"publish","type":"post","link":"https:\/\/www.claret.org\/de\/zweiter-tag-des-berufungsrtreffens\/","title":{"rendered":"Zweiter Tag des Berufungsrtreffens"},"content":{"rendered":"<p><strong>Rom, Italien.<\/strong> Am zweiten Tag des Jugend- und Berufungspastoraltreffens der claretinischen Familie lehrte P. Gonzalo Fern\u00e1ndez CMF, Generalvikar der Claretiner-Missionare und Geneneralpr\u00e4fekt f\u00fcr Spiritualit\u00e4t, die Teilnehmer, wie man die Methode des wertsch\u00e4tzenden Nachfragens benutzt, die vier Phasen hat: <em>entdecken, tr\u00e4umen, entwerfen und verpflichten.<\/em> Durch gruppendynamische \u00dcbungen lud er sie ein, einige von den Phasen dieser Methode in der Seelsorge und im Traum, wie die claretinische Familie bis zum Jahr 2025 sein k\u00f6nnte.<\/p>\n<p>Einige von den Tr\u00e4umen, die von den Gruppen zum Ausdruck gebracht wurden:<\/p>\n<blockquote><p><em>\u201eWir arbeiten als Familie mit einer einzigen Seele, einem einzigen Geist trotz der kulturellen Vielfalt, die wir an verschiedenen Orten haben.\u201c  \u201eJeder sollte seine Begabungen gro\u00dfm\u00fctig teilen, gl\u00fccklich \u00fcber die Talente der anderen, und sie in den Dienst der claretinischen Familie stellen.\u201c \u201eDie jungen Menschen sehen uns als Zeugnis der Einheit und Verbundenheit aus dem Geist von unserem Pater Stifter.\u201c<\/em><\/p><\/blockquote>\n<p>Nach der Eucharistiefeier wurden zwei Gruppenreflexionen gehalten, eine \u00fcber Spiritualit\u00e4t und die andere \u00fcber Seelsorge an Universit\u00e4ten.<\/p>\n<p>&nbsp;<\/p>\n<p>[envira-gallery id=&#8220;34722&#8243;]<\/p>\n","protected":false},"excerpt":{"rendered":"<p>Rom, Italien. Am zweiten Tag des Jugend- und Berufungspastoraltreffens der claretinischen Familie lehrte P. Gonzalo Fern\u00e1ndez CMF, Generalvikar der Claretiner-Missionare und Geneneralpr\u00e4fekt f\u00fcr Spiritualit\u00e4t, die Teilnehmer, wie man die Methode des wertsch\u00e4tzenden Nachfragens benutzt, die vier Phasen hat: entdecken, tr\u00e4umen, entwerfen und verpflichten. Durch gruppendynamische \u00dcbungen lud er sie ein, einige von den Phasen dieser [&hellip;]<\/p>\n","protected":false},"author":2,"featured_media":34737,"comment_status":"closed","ping_status":"closed","sticky":false,"template":"","format":"standard","meta":{"_et_pb_use_builder":"","_et_pb_old_content":"","_et_gb_content_width":"","footnotes":""},"categories":[531,483],"tags":[],"class_list":["post-34898","post","type-post","status-publish","format-standard","has-post-thumbnail","hentry","category-claretinerfamilie","category-jugendministerium-und-berufungen"],"jetpack_featured_media_url":"https:\/\/i0.wp.com\/www.claret.org\/wp-content\/uploads\/2018\/11\/CF-YVM-Day-2-3.jpg?fit=3456%2C2304&ssl=1","jetpack_sharing_enabled":true,"jetpack_shortlink":"https:\/\/wp.me\/pdaBmi-94S","jetpack_likes_enabled":true,"_links":{"self":[{"href":"https:\/\/www.claret.org\/de\/wp-json\/wp\/v2\/posts\/34898","targetHints":{"allow":["GET"]}}],"collection":[{"href":"https:\/\/www.claret.org\/de\/wp-json\/wp\/v2\/posts"}],"about":[{"href":"https:\/\/www.claret.org\/de\/wp-json\/wp\/v2\/types\/post"}],"author":[{"embeddable":true,"href":"https:\/\/www.claret.org\/de\/wp-json\/wp\/v2\/users\/2"}],"replies":[{"embeddable":true,"href":"https:\/\/www.claret.org\/de\/wp-json\/wp\/v2\/comments?post=34898"}],"version-history":[{"count":0,"href":"https:\/\/www.claret.org\/de\/wp-json\/wp\/v2\/posts\/34898\/revisions"}],"wp:featuredmedia":[{"embeddable":true,"href":"https:\/\/www.claret.org\/de\/wp-json\/wp\/v2\/media\/34737"}],"wp:attachment":[{"href":"https:\/\/www.claret.org\/de\/wp-json\/wp\/v2\/media?parent=34898"}],"wp:term":[{"taxonomy":"category","embeddable":true,"href":"https:\/\/www.claret.org\/de\/wp-json\/wp\/v2\/categories?post=34898"},{"taxonomy":"post_tag","embeddable":true,"href":"https:\/\/www.claret.org\/de\/wp-json\/wp\/v2\/tags?post=34898"}],"curies":[{"name":"wp","href":"https:\/\/api.w.org\/{rel}","templated":true}]}}