{"id":37845,"date":"2018-02-21T10:18:24","date_gmt":"2018-02-21T09:18:24","guid":{"rendered":"https:\/\/www.claret.org\/delegation-kalkutta-wird-bald-unabhangig\/"},"modified":"2018-02-21T10:18:24","modified_gmt":"2018-02-21T09:18:24","slug":"delegation-kalkutta-wird-bald-unabhangig","status":"publish","type":"post","link":"https:\/\/www.claret.org\/de\/delegation-kalkutta-wird-bald-unabhangig\/","title":{"rendered":"Delegation Kalkutta wird bald unabh\u00e4ngig"},"content":{"rendered":"<p><strong>Kalkuttta, Indien.<\/strong> Die abh\u00e4ngige Delegation Kalkutta hat eine Versammlung f\u00fcr alle in der Region t\u00e4tigen Missionare in zwei Sitzungen gehalten. Die erste Sitzung fand vom 6. bis 10. Februar mit 27 Teilnehmern in Kalkutta statt. Die zweite Sitzung wurde vom 12. bis 15. Februar in Ranchi gehalten. An ihr nahmen insgesamt 35 Mitbr\u00fcder teil. Die Versammlung pr\u00fcfte kritisch das Leben und missionarische Wirken der Claretiner in der Region im Licht unseres Gr\u00fcnders und Dokuments des des 25. Generalkapitels. F\u00fcnf Missionare aus der Mission Barwadi der Provinz Bangalore nahmen auf Einladung von Pater General ebenfalls an der Versammlung teil, um gemeinsam herauszufinden, wie die Claretinermission in der Region Chotanagpur in der Region Nordindien organisiert werden sollte.<\/p>\n<p>P. General Mathew Vattamattam f\u00fchrte auf Bitten der Provinzleitung von Chennai den Vorsitz der Versammlung und leitete die Sitzungen zusammmen mit P. Provinzial Jesudoss von Chennai und dem delegierten Oberen P. Lawrence. Schwerpunkt der Versammlung waren die drei Umgestaltungsprozesse entsprechend dem Aufruf des 25. Generalkapitels. P. Jesudoss f\u00fchrte jeden der Prozesse ein, indem er sie auf das Leben des heiligen Antonius Maria Claret bezog. Die Versammlung pr\u00fcfte, ob das Leben und das missionarische Wirken der Missionare die sechs charismatischen Charakterz\u00fcge im missionarischen Wirken reflektierte. Schlie\u00dflich blickte die Versammlung in die Zukunft der Missionen und erkundete, wie man echt missionarische Gemeinschaften schaffen k\u00f6nnte, die mit dem Herzen und der Gesinnung Christi ins missionarische Leben aufbrechen und die Wirklichkeit der Menschen mit dem Mitgef\u00fchl des Herrn betrachten.<\/p>\n<p>Die abh\u00e4ngige Delegation wurde 2008 errichtet. Die Provinz Chennai hat die Generalleitung in einem Brief vom 27. Februar 2017 an P. General ersucht, die abh\u00e4ngige Delegation Kalkutta als h\u00f6heren Organismus zu errichten. Die Generalleitung hat die Provinz gebeten, die Delegation darauf vorzubereiten, nicht nur an der Zahl von Missionen und Mitgliedern zu wachsen, sondern noch wichtiger an der missionarischen Lebenskraft, die der Tiefe der claretinischen missionarischen Spiritualit\u00e4t entspringt. Die Provinz, die dieses Jahr ihr 25-j\u00e4hriges Bestehen feiert, hat die Herausforderung angenommen und verschiedene Programme eingeleitet, um die claretinische Dimension der Missionen zu st\u00e4rken.<\/p>\n<p>Man sp\u00fcrt die Notwendigkeit, interkulturelle missionarische Gemeinschaften zu f\u00f6rdern, die die br\u00fcderliche Verbundenheit und die Freude des Evangeliums in der Region bezeugen. Die Delegation ist mit Missionaren aus verschiedenen St\u00e4mmen (haupts\u00e4chlich Santal, Oraon, Kathdia und Munda) und Regionen (Nord- und S\u00fcdindien) gesegnet. In Zukunft ist es notwendig, enger mit den anderen Organismen in Indien zusammenzuarbeiten. Gegenw\u00e4rtig hat die Delegation zw\u00f6lf missionarische Gemeinschaften und \u00fcber f\u00fcnfzig Missionare, die in der Region wirken. Die Region ist reich an missionarischen Berufungen. Man erwartet, dass der neue h\u00f6here Organismus nach der kanonischen Visitation durch die Generalleitung, die dieses Jahr stattfindet, errichtet wird.<\/p>\n<p>&nbsp;<\/p>\n<p>[envira-gallery id=&#8220;37812&#8243;]<\/p>\n","protected":false},"excerpt":{"rendered":"<p>Kalkuttta, Indien. Die abh\u00e4ngige Delegation Kalkutta hat eine Versammlung f\u00fcr alle in der Region t\u00e4tigen Missionare in zwei Sitzungen gehalten. Die erste Sitzung fand vom 6. bis 10. Februar mit 27 Teilnehmern in Kalkutta statt. Die zweite Sitzung wurde vom 12. bis 15. Februar in Ranchi gehalten. An ihr nahmen insgesamt 35 Mitbr\u00fcder teil. Die [&hellip;]<\/p>\n","protected":false},"author":2,"featured_media":37808,"comment_status":"closed","ping_status":"closed","sticky":false,"template":"","format":"standard","meta":{"_et_pb_use_builder":"","_et_pb_old_content":"","_et_gb_content_width":"","footnotes":""},"categories":[227,232],"tags":[],"class_list":["post-37845","post","type-post","status-publish","format-standard","has-post-thumbnail","hentry","category-chennai-de","category-kolkata-de"],"jetpack_featured_media_url":"https:\/\/i0.wp.com\/www.claret.org\/wp-content\/uploads\/2019\/01\/Kolkata-Asssembly-1.jpeg?fit=1200%2C900&ssl=1","jetpack_sharing_enabled":true,"jetpack_shortlink":"https:\/\/wp.me\/pdaBmi-9Qp","jetpack_likes_enabled":true,"_links":{"self":[{"href":"https:\/\/www.claret.org\/de\/wp-json\/wp\/v2\/posts\/37845","targetHints":{"allow":["GET"]}}],"collection":[{"href":"https:\/\/www.claret.org\/de\/wp-json\/wp\/v2\/posts"}],"about":[{"href":"https:\/\/www.claret.org\/de\/wp-json\/wp\/v2\/types\/post"}],"author":[{"embeddable":true,"href":"https:\/\/www.claret.org\/de\/wp-json\/wp\/v2\/users\/2"}],"replies":[{"embeddable":true,"href":"https:\/\/www.claret.org\/de\/wp-json\/wp\/v2\/comments?post=37845"}],"version-history":[{"count":0,"href":"https:\/\/www.claret.org\/de\/wp-json\/wp\/v2\/posts\/37845\/revisions"}],"wp:featuredmedia":[{"embeddable":true,"href":"https:\/\/www.claret.org\/de\/wp-json\/wp\/v2\/media\/37808"}],"wp:attachment":[{"href":"https:\/\/www.claret.org\/de\/wp-json\/wp\/v2\/media?parent=37845"}],"wp:term":[{"taxonomy":"category","embeddable":true,"href":"https:\/\/www.claret.org\/de\/wp-json\/wp\/v2\/categories?post=37845"},{"taxonomy":"post_tag","embeddable":true,"href":"https:\/\/www.claret.org\/de\/wp-json\/wp\/v2\/tags?post=37845"}],"curies":[{"name":"wp","href":"https:\/\/api.w.org\/{rel}","templated":true}]}}