{"id":38129,"date":"2019-01-10T08:58:15","date_gmt":"2019-01-10T07:58:15","guid":{"rendered":"https:\/\/www.claret.org\/altersgruppentreffen-in-der-st-jakobs-provinz\/"},"modified":"2019-01-10T08:58:15","modified_gmt":"2019-01-10T07:58:15","slug":"altersgruppentreffen-in-der-st-jakobs-provinz","status":"publish","type":"post","link":"https:\/\/www.claret.org\/de\/altersgruppentreffen-in-der-st-jakobs-provinz\/","title":{"rendered":"Altersgruppentreffen in der St. Jakobs-Provinz"},"content":{"rendered":"<p><span class=\"tlid-translation translation\"><strong><span class=\"\" title=\"\">Colmenar Viejo, Provinz Madrid. <\/span><\/strong><\/span> In zwei verschiedenen Kursen von praktisch zwei Tagen haben an die siebzig Claretiner-Missionare aus der St. Jakobs-Provinz an einem Beisammensein in Colmenar Viejo teilgenommen, wozu die Weihnachtstage genutzt wurden. Nach einem Programm, das in der Provinz bereits eine gewisse Tradition hat und den Bed\u00fcrfnissen eines jeden Lebensabschnitts entgegenkommen will, kamen die Mitbr\u00fcder zwischen 60 und 70 Jahren und die unter 60\u2212J\u00e4hrigen zusammen, um die spezifischen Fragen zu behandeln, ihren Lebensstil im Licht der letzten Hinweise der Kirche zu \u00fcberpr\u00fcfen und dem missionarischen Leben der Provinz den Puls zu f\u00fchlen. Die Treffen schlossen sehr angenehme Zeiten des Beisammenseins mit den jungen und \u00e4lteren Claretinern ein, die in Colmenar leben, und eine ruhige Feier der Liturgie dieser Tage.<\/p>\n<p>Auch wenn das Durchschnittalter der Provinz hoch ist, in es ein Segen des Herrn, dass man auch \u00fcber Dutzende von j\u00fcngeren Missionaren verf\u00fcgt, die auf die vier L\u00e4nder verteilt sind, in denen die Provinz t\u00e4tig ist. Die Teilnahme der Mitbr\u00fcder aus Paris, Z\u00fcrich und der Mission Russland wurde besonders gefeiert. Die vier Mitglieder des Schmiedefeuer-Teams, die in Los Negrales leben, nahmen ebenfalls an den Treffen teil, die die ganze Zeit von der Provinzleitung begleitet wurden.<\/p>\n<p>&nbsp;<\/p>\n<div><\/div>\n<div>[envira-gallery id=&#8220;37986&#8243;]<\/div>\n","protected":false},"excerpt":{"rendered":"<p>Colmenar Viejo, Provinz Madrid. In zwei verschiedenen Kursen von praktisch zwei Tagen haben an die siebzig Claretiner-Missionare aus der St. Jakobs-Provinz an einem Beisammensein in Colmenar Viejo teilgenommen, wozu die Weihnachtstage genutzt wurden. Nach einem Programm, das in der Provinz bereits eine gewisse Tradition hat und den Bed\u00fcrfnissen eines jeden Lebensabschnitts entgegenkommen will, kamen die [&hellip;]<\/p>\n","protected":false},"author":2,"featured_media":37990,"comment_status":"closed","ping_status":"closed","sticky":false,"template":"","format":"standard","meta":{"_et_pb_use_builder":"","_et_pb_old_content":"","_et_gb_content_width":"","footnotes":""},"categories":[337,627],"tags":[],"class_list":["post-38129","post","type-post","status-publish","format-standard","has-post-thumbnail","hentry","category-santiago-de","category-laufende-formation"],"jetpack_featured_media_url":"https:\/\/i0.wp.com\/www.claret.org\/wp-content\/uploads\/2019\/01\/Encuentros-de-Franjas-Santiago-5.jpg?fit=4000%2C3000&ssl=1","jetpack_sharing_enabled":true,"jetpack_shortlink":"https:\/\/wp.me\/pdaBmi-9UZ","jetpack_likes_enabled":true,"_links":{"self":[{"href":"https:\/\/www.claret.org\/de\/wp-json\/wp\/v2\/posts\/38129","targetHints":{"allow":["GET"]}}],"collection":[{"href":"https:\/\/www.claret.org\/de\/wp-json\/wp\/v2\/posts"}],"about":[{"href":"https:\/\/www.claret.org\/de\/wp-json\/wp\/v2\/types\/post"}],"author":[{"embeddable":true,"href":"https:\/\/www.claret.org\/de\/wp-json\/wp\/v2\/users\/2"}],"replies":[{"embeddable":true,"href":"https:\/\/www.claret.org\/de\/wp-json\/wp\/v2\/comments?post=38129"}],"version-history":[{"count":0,"href":"https:\/\/www.claret.org\/de\/wp-json\/wp\/v2\/posts\/38129\/revisions"}],"wp:featuredmedia":[{"embeddable":true,"href":"https:\/\/www.claret.org\/de\/wp-json\/wp\/v2\/media\/37990"}],"wp:attachment":[{"href":"https:\/\/www.claret.org\/de\/wp-json\/wp\/v2\/media?parent=38129"}],"wp:term":[{"taxonomy":"category","embeddable":true,"href":"https:\/\/www.claret.org\/de\/wp-json\/wp\/v2\/categories?post=38129"},{"taxonomy":"post_tag","embeddable":true,"href":"https:\/\/www.claret.org\/de\/wp-json\/wp\/v2\/tags?post=38129"}],"curies":[{"name":"wp","href":"https:\/\/api.w.org\/{rel}","templated":true}]}}