{"id":46379,"date":"2019-06-09T08:23:46","date_gmt":"2019-06-09T06:23:46","guid":{"rendered":"https:\/\/www.claret.org\/4-delegationsversammlung-im-kongo\/"},"modified":"2019-06-10T10:15:29","modified_gmt":"2019-06-10T08:15:29","slug":"4-delegationsversammlung-im-kongo","status":"publish","type":"post","link":"https:\/\/www.claret.org\/de\/4-delegationsversammlung-im-kongo\/","title":{"rendered":"4. Delegationsversammlung im Kongo"},"content":{"rendered":"\n<p><strong>Kinshasa, Demokratische Republik Kongo.<\/strong> Die vierte Generalversammlung der unabh\u00e4ngigen Delegation Kongo fand vom 4. bis 8. Juni 2019 im Spritualit\u00e4tszentrum Theresianum in Kinshasa statt. Am ersten Tag gestaltete P.Cyprien Bwangila den Einkehrtag zum Thema <em>Die Herausforderung an Ordensleben und Mission in Afrika.<\/em><\/p>\n<p>Am zweiten Tag wurden die Botschaften des Generaloberen, des Generalsekret\u00e4rs und des Vorsitzenden der Versammlung verlesen. Dann folgte die Phase der Auswertung mit dem Lesen des Berichts der Delegationsleitung und des Wirtschaftsberichts und den Mitteilungen von Vertretern der claretinischen Familie und von Laien, die f\u00fcr die Animateure in den Pfarreien sprachen. Dann folgte ein Workshop.<\/p>\n<p>Am dritten Tag ging die Auswertung weiter, und die Ergebnisse der Gruppen wurden ins Plenum eingebracht. Man tauschte sich \u00fcber einige weitere wichtige Fragen aus wie Gemeinschaftsleben und Missbrauch von Kindern. Die Verk\u00fcndigung der neuen <strong>Delegationsleitung des Kongo<\/strong> folgte: P. Jean Baptiste Makilandi CMF (h\u00f6herer Oberer), P. Robert Bellarmin Ndjoli CMF (Konsultor), und P. Agustin ANkwanda CMF (Konsultor und \u00d6konom). Am Abend dieses Tages begann die Planungsphase f\u00fcr die drei Jahre 2019\u20132022.<\/p>\n<p>Am 7.Juni befassten sie sich mit dem Abschlussdokument, und sie sprachen \u00fcber Fragen wie Kindsmissbrauch, die goldenen Jubil\u00e4en unserer Pr\u00e4senz in Pay-Kongila und des Entwicklungszentrums Kingandu. Die Versammlung verabschiedete das Abschlussdokument am Nachmittag. Danach hielt P. Jean Baptiste, der neuernannte Obere, eine Betrachtung \u00fcber die vier Kernbegriffe des Schmiedefeuers. Dann dankte P. Henry Omonisaye CMF, der Vorsitzende der Versammlung, den Teilnehmern und forderte sie auf, ihrer Berufung treuer zu sein, die missionarische Zusammenarbeit und Kreativit\u00e4t, die Br\u00fcderlichkeit und die Liebe auf allen Ebenen zu steigern. Der Abschlussgottesdienst fand um sechs Uhr abends in der Pfarrei St. Ignace in der Cit\u00e9 Verte mit P. Jean Baptist als Hauptzelebrant statt.<\/p>\n<p> <\/p>\n\n\n\n<div class=\"wp-block-envira-envira-gallery\">[envira-gallery id=&#8217;46202&#8242;]<\/div>\n","protected":false},"excerpt":{"rendered":"","protected":false},"author":2,"featured_media":46211,"comment_status":"closed","ping_status":"closed","sticky":false,"template":"","format":"standard","meta":{"_et_pb_use_builder":"off","_et_pb_old_content":"","_et_gb_content_width":"","footnotes":""},"categories":[139],"tags":[],"class_list":["post-46379","post","type-post","status-publish","format-standard","has-post-thumbnail","hentry","category-congo-de"],"jetpack_featured_media_url":"https:\/\/i0.wp.com\/www.claret.org\/wp-content\/uploads\/2019\/06\/CO-20190608-4th-General-Assembly-2.jpeg?fit=1024%2C768&ssl=1","jetpack_sharing_enabled":true,"jetpack_shortlink":"https:\/\/wp.me\/pdaBmi-c43","jetpack_likes_enabled":true,"_links":{"self":[{"href":"https:\/\/www.claret.org\/de\/wp-json\/wp\/v2\/posts\/46379","targetHints":{"allow":["GET"]}}],"collection":[{"href":"https:\/\/www.claret.org\/de\/wp-json\/wp\/v2\/posts"}],"about":[{"href":"https:\/\/www.claret.org\/de\/wp-json\/wp\/v2\/types\/post"}],"author":[{"embeddable":true,"href":"https:\/\/www.claret.org\/de\/wp-json\/wp\/v2\/users\/2"}],"replies":[{"embeddable":true,"href":"https:\/\/www.claret.org\/de\/wp-json\/wp\/v2\/comments?post=46379"}],"version-history":[{"count":0,"href":"https:\/\/www.claret.org\/de\/wp-json\/wp\/v2\/posts\/46379\/revisions"}],"wp:featuredmedia":[{"embeddable":true,"href":"https:\/\/www.claret.org\/de\/wp-json\/wp\/v2\/media\/46211"}],"wp:attachment":[{"href":"https:\/\/www.claret.org\/de\/wp-json\/wp\/v2\/media?parent=46379"}],"wp:term":[{"taxonomy":"category","embeddable":true,"href":"https:\/\/www.claret.org\/de\/wp-json\/wp\/v2\/categories?post=46379"},{"taxonomy":"post_tag","embeddable":true,"href":"https:\/\/www.claret.org\/de\/wp-json\/wp\/v2\/tags?post=46379"}],"curies":[{"name":"wp","href":"https:\/\/api.w.org\/{rel}","templated":true}]}}