{"id":48735,"date":"2013-04-15T10:14:00","date_gmt":"2013-04-15T08:14:00","guid":{"rendered":"https:\/\/www.claret.org\/versammlung-der-polnischen-provinz\/"},"modified":"2019-07-15T10:21:39","modified_gmt":"2019-07-15T08:21:39","slug":"versammlung-der-polnischen-provinz","status":"publish","type":"post","link":"https:\/\/www.claret.org\/de\/versammlung-der-polnischen-provinz\/","title":{"rendered":"Versammlung der Polnischen Provinz"},"content":{"rendered":"<strong>Krzydlina Ma\u0142a <\/strong>(Polen). Vom 10. bis 12. April fand in Krzydlina Ma\u0142a die Versammlung der Claretiner von Polen zur Halbzeit der Amtszeit der jetzigen Provinzleitung statt.\r\n\r\nNeben den Mitgliedern der Provinzleitung nahmen alle Superioren der Hausgemeinschaften, die Verantwortlichen f\u00fcr die verschiedenen Aktivit\u00e4ten, die Ausbilder, die Br\u00fcder und ein Vertreter der Studenten teil.\r\n\r\nEs war eine Gelegenheit, die Br\u00fcderlichkeit neu zu beleben, die in Liturgie und Gebet gefeiert, in den Berichten und Darlegungen \u00fcber die apostolischen Erfahrungen miteinander ausgetauscht und im Hinblick auf die Verbesserung und Planung der n\u00e4chsten drei Jahre ausgewertet wurde.\r\n\r\nDie Er\u00f6rterungen der Versammlung konzentrierten sich auf vier Themen:\r\n<ol>\r\n \t<li>Darstellung und Auswertung der apostolischen T\u00e4tigkeiten und der Leitung der Provinz<\/li>\r\n \t<li>Gemeinschaftsleben und Dienst der Superioren<\/li>\r\n \t<li>Jugend- und Berufungspastoral<\/li>\r\n \t<li>Projekt zur Erneuerung unserer missionarischen Identit\u00e4t und Neustrukturierung unserer Kongregation in Europa<\/li>\r\n<\/ol>\r\nDas Umfeld hat auch den Austausch \u00fcber einige konkrete Probleme, vor denen die Missionare und die Provinz stehen, beg\u00fcnstigt. So konnten neue Ideen eingebracht und m\u00f6gliche L\u00f6sungen besprochen werden.","protected":false},"excerpt":{"rendered":"","protected":false},"author":1,"featured_media":48726,"comment_status":"closed","ping_status":"closed","sticky":false,"template":"","format":"standard","meta":{"_et_pb_use_builder":"off","_et_pb_old_content":"","_et_gb_content_width":"","footnotes":""},"categories":[334],"tags":[],"class_list":["post-48735","post","type-post","status-publish","format-standard","has-post-thumbnail","hentry","category-polska-de"],"jetpack_featured_media_url":"https:\/\/i0.wp.com\/www.claret.org\/wp-content\/uploads\/2019\/07\/polska_provincial_assembly_2013_s.jpg?fit=400%2C275&ssl=1","jetpack_sharing_enabled":true,"jetpack_shortlink":"https:\/\/wp.me\/pdaBmi-cG3","jetpack_likes_enabled":true,"_links":{"self":[{"href":"https:\/\/www.claret.org\/de\/wp-json\/wp\/v2\/posts\/48735","targetHints":{"allow":["GET"]}}],"collection":[{"href":"https:\/\/www.claret.org\/de\/wp-json\/wp\/v2\/posts"}],"about":[{"href":"https:\/\/www.claret.org\/de\/wp-json\/wp\/v2\/types\/post"}],"author":[{"embeddable":true,"href":"https:\/\/www.claret.org\/de\/wp-json\/wp\/v2\/users\/1"}],"replies":[{"embeddable":true,"href":"https:\/\/www.claret.org\/de\/wp-json\/wp\/v2\/comments?post=48735"}],"version-history":[{"count":0,"href":"https:\/\/www.claret.org\/de\/wp-json\/wp\/v2\/posts\/48735\/revisions"}],"wp:featuredmedia":[{"embeddable":true,"href":"https:\/\/www.claret.org\/de\/wp-json\/wp\/v2\/media\/48726"}],"wp:attachment":[{"href":"https:\/\/www.claret.org\/de\/wp-json\/wp\/v2\/media?parent=48735"}],"wp:term":[{"taxonomy":"category","embeddable":true,"href":"https:\/\/www.claret.org\/de\/wp-json\/wp\/v2\/categories?post=48735"},{"taxonomy":"post_tag","embeddable":true,"href":"https:\/\/www.claret.org\/de\/wp-json\/wp\/v2\/tags?post=48735"}],"curies":[{"name":"wp","href":"https:\/\/api.w.org\/{rel}","templated":true}]}}