{"id":50045,"date":"2013-02-26T09:18:54","date_gmt":"2013-02-26T08:18:54","guid":{"rendered":"https:\/\/www.claret.org\/missionarisches-zusammenwirken-mit-laien-in-villa-felicidad\/"},"modified":"2019-07-16T09:35:24","modified_gmt":"2019-07-16T07:35:24","slug":"missionarisches-zusammenwirken-mit-laien-in-villa-felicidad","status":"publish","type":"post","link":"https:\/\/www.claret.org\/de\/missionarisches-zusammenwirken-mit-laien-in-villa-felicidad\/","title":{"rendered":"Missionarisches Zusammenwirken mit Laien in Villa Felicidad"},"content":{"rendered":"<strong>Montevideo, Uruguay.<\/strong> Montevideo, Uruguay. Die Claretiner-Missionare der St. Josefs-S\u00fcdprovinz betreuen die Pfarrei St. Antonius Maria Claret in Progreso, einem Ort, der von Montevideo in Uruguay 28 km entfernt ist.\r\n\r\nIn Villa Felicidad, einem Viertel am Stadtrand, liefe eine interessante missionarisches Erfahrung vom 7. bis 12. Februar 2013.Das Missionsteam bestand aus Mitgliedern der Pfarrei Montevideo-Inca, die von P. Cristian Ceballos CMF koordiniert wurden. Ihnen schlossen sich zwei Claretiner-Seminaristen an, die aus Argentinien anreisten. Unter dem Leitwort \u201eGL\u00fcck (spanisch: felicidad) beginnt gleich wie GLaube (spanisch: fe), und wir lassen es unter uns wachsen\u201c setzte sich das Team drei Ziele: 1) Besuche in den Familien, 2) Workshop \u00fcber betende Lesung des Wortes Gottes, 3) sportliche Aktivit\u00e4ten f\u00fcr Kinder.\r\n\r\nDie Besuche diente dazu, die Herzlichkeit der Leute zu erfahren, ihre Einfachheit und die Offenheit, mit der sie pers\u00f6nliche und gemeinschaftliche Bed\u00fcrfnisse darlegen. Sie forderten eine gr\u00f6\u00dfere Pr\u00e4senz der pastoral Verantwortlichen, sie wollen, dass sich die Dinge f\u00fcr die jungen Menschen und die Jugendlichen bessern, wissen aber nicht, was sie allein tun sollen.\r\n\r\nDie Personen, die an dem Workshop \u00fcber \u201ebetende Lekt\u00fcre des Wortes Gottes\u201c teilnahmen, waren begeistert, beteiligten sich, brachten sich ein und verpflichteten sich weiterzumachen. Die Darlegung der Claretinerseminaristen war sehr klar, pr\u00e4zise und einfach, kurz und gut, ein gro\u00dfer Beitrag f\u00fcr diese kleine Gemeinde.\r\n\r\nDer Sport war eine Aktivit\u00e4t, die viele Teilnehmer anzog, insbesondere Kinder, die an der Fu\u00dfballmeisterschaft teilnahmen.\r\n\r\nDie Mission endete am Samstag, dem 12. Februar mit der Eucharistiefeier und einem Beisammensein am Lagerfeuer mit verschiedenen k\u00fcnstlerischen Auff\u00fchrungen, Tanz und Musik f\u00fcr jeden Geschmack.","protected":false},"excerpt":{"rendered":"","protected":false},"author":1,"featured_media":50027,"comment_status":"closed","ping_status":"closed","sticky":false,"template":"","format":"standard","meta":{"_et_pb_use_builder":"off","_et_pb_old_content":"","_et_gb_content_width":"","footnotes":""},"categories":[1106,392],"tags":[],"class_list":["post-50045","post","type-post","status-publish","format-standard","has-post-thumbnail","hentry","category-pfarramt","category-san-jose-del-sur-de"],"jetpack_featured_media_url":"https:\/\/i0.wp.com\/www.claret.org\/wp-content\/uploads\/2019\/07\/uruguay_felicidad_2.jpg?fit=700%2C309&ssl=1","jetpack_sharing_enabled":true,"jetpack_shortlink":"https:\/\/wp.me\/pdaBmi-d1b","jetpack_likes_enabled":true,"_links":{"self":[{"href":"https:\/\/www.claret.org\/de\/wp-json\/wp\/v2\/posts\/50045","targetHints":{"allow":["GET"]}}],"collection":[{"href":"https:\/\/www.claret.org\/de\/wp-json\/wp\/v2\/posts"}],"about":[{"href":"https:\/\/www.claret.org\/de\/wp-json\/wp\/v2\/types\/post"}],"author":[{"embeddable":true,"href":"https:\/\/www.claret.org\/de\/wp-json\/wp\/v2\/users\/1"}],"replies":[{"embeddable":true,"href":"https:\/\/www.claret.org\/de\/wp-json\/wp\/v2\/comments?post=50045"}],"version-history":[{"count":0,"href":"https:\/\/www.claret.org\/de\/wp-json\/wp\/v2\/posts\/50045\/revisions"}],"wp:featuredmedia":[{"embeddable":true,"href":"https:\/\/www.claret.org\/de\/wp-json\/wp\/v2\/media\/50027"}],"wp:attachment":[{"href":"https:\/\/www.claret.org\/de\/wp-json\/wp\/v2\/media?parent=50045"}],"wp:term":[{"taxonomy":"category","embeddable":true,"href":"https:\/\/www.claret.org\/de\/wp-json\/wp\/v2\/categories?post=50045"},{"taxonomy":"post_tag","embeddable":true,"href":"https:\/\/www.claret.org\/de\/wp-json\/wp\/v2\/tags?post=50045"}],"curies":[{"name":"wp","href":"https:\/\/api.w.org\/{rel}","templated":true}]}}