{"id":51701,"date":"2012-12-28T18:54:04","date_gmt":"2012-12-28T17:54:04","guid":{"rendered":"https:\/\/www.claret.org\/superiorenkonferenz-in-kamerun\/"},"modified":"2012-12-28T18:54:04","modified_gmt":"2012-12-28T17:54:04","slug":"superiorenkonferenz-in-kamerun","status":"publish","type":"post","link":"https:\/\/www.claret.org\/de\/superiorenkonferenz-in-kamerun\/","title":{"rendered":"Superiorenkonferenz in Kamerun"},"content":{"rendered":"<p><strong>Yaound\u00e9, Kamerun<\/strong>. Am 27. Dezember kamen die Hausoberen der vor kurzem geschaffenen unabh\u00e4ngigen Delegation Kamerun in einer Atmosph\u00e4re der Zusammengeh\u00f6rigkeit und Br\u00fcderlichkeit mit dem h\u00f6heren Oberen zusammen.<\/p>\n<p>Auf der Grundlage der Nummern 102 bis 105 der Konstitutionen und der Nummer 409 des Direktoriums der Claretiner hielt man zun\u00e4chst eine Reflexion \u00fcber den Dienst der Hausoberen.<\/p>\n<p>Auch gab man einer Darstellung der Wirklichkeit einer jeden Gemeinschaft, die es erlaubte, den Fortgang des Lebens- und Missionsprojekts sowie der Priorit\u00e4ten des neuen Organismus zu bewerten.<\/p>\n<p>Im Einklang mit der ganzen Kongregation hielten es die Superioren f\u00fcr wichtig, die Spiritualit\u00e4t der Mitbr\u00fcder mit neuem Leben zu erf\u00fcllen, gest\u00fctzt auf das Projekt \u201eDas Schmiedefeuer im Alltag\u201c, und sie kamen \u00fcberein, ihm gr\u00f6\u00dfere Bedeutung beizumessen.<\/p>\n<p>Im wirtschaftlichen Bereich wurden die Superioren zu einer wirksamen Erarbeitung der Haushaltspl\u00e4ne und zur Erarbeitung von Projekten zur wirtschaftlichen Eigenst\u00e4ndigkeit ermuntert als eine Form, allen und jedem einzelnen zu helfen, das Gel\u00fcbde der Armut zu leben.<\/p>\n<p>Als sehr wichtig betrachtete man die Einheit und die Liebe zur neuen Delegation und zu unserer ganzen Kongregation.<\/p>\n<p>Die Konferenz endete mit einem freudigen Ton, der im Beisammensein und im gemeinsamen Essen zum Ausdruck kam.<\/p>\n","protected":false},"excerpt":{"rendered":"<p>Yaound\u00e9, Kamerun. Am 27. Dezember kamen die Hausoberen der vor kurzem geschaffenen unabh\u00e4ngigen Delegation Kamerun in einer Atmosph\u00e4re der Zusammengeh\u00f6rigkeit und Br\u00fcderlichkeit mit dem h\u00f6heren Oberen zusammen. Auf der Grundlage der Nummern 102 bis 105 der Konstitutionen und der Nummer 409 des Direktoriums der Claretiner hielt man zun\u00e4chst eine Reflexion \u00fcber den Dienst der Hausoberen. [&hellip;]<\/p>\n","protected":false},"author":1,"featured_media":51694,"comment_status":"closed","ping_status":"closed","sticky":false,"template":"","format":"standard","meta":{"_et_pb_use_builder":"","_et_pb_old_content":"","_et_gb_content_width":"","footnotes":""},"categories":[133],"tags":[],"class_list":["post-51701","post","type-post","status-publish","format-standard","has-post-thumbnail","hentry","category-cameroun-de"],"jetpack_featured_media_url":"https:\/\/i0.wp.com\/www.claret.org\/wp-content\/uploads\/2019\/07\/100_3250.jpg?fit=450%2C371&ssl=1","jetpack_sharing_enabled":true,"jetpack_shortlink":"https:\/\/wp.me\/pdaBmi-drT","jetpack_likes_enabled":true,"_links":{"self":[{"href":"https:\/\/www.claret.org\/de\/wp-json\/wp\/v2\/posts\/51701","targetHints":{"allow":["GET"]}}],"collection":[{"href":"https:\/\/www.claret.org\/de\/wp-json\/wp\/v2\/posts"}],"about":[{"href":"https:\/\/www.claret.org\/de\/wp-json\/wp\/v2\/types\/post"}],"author":[{"embeddable":true,"href":"https:\/\/www.claret.org\/de\/wp-json\/wp\/v2\/users\/1"}],"replies":[{"embeddable":true,"href":"https:\/\/www.claret.org\/de\/wp-json\/wp\/v2\/comments?post=51701"}],"version-history":[{"count":0,"href":"https:\/\/www.claret.org\/de\/wp-json\/wp\/v2\/posts\/51701\/revisions"}],"wp:featuredmedia":[{"embeddable":true,"href":"https:\/\/www.claret.org\/de\/wp-json\/wp\/v2\/media\/51694"}],"wp:attachment":[{"href":"https:\/\/www.claret.org\/de\/wp-json\/wp\/v2\/media?parent=51701"}],"wp:term":[{"taxonomy":"category","embeddable":true,"href":"https:\/\/www.claret.org\/de\/wp-json\/wp\/v2\/categories?post=51701"},{"taxonomy":"post_tag","embeddable":true,"href":"https:\/\/www.claret.org\/de\/wp-json\/wp\/v2\/tags?post=51701"}],"curies":[{"name":"wp","href":"https:\/\/api.w.org\/{rel}","templated":true}]}}