{"id":51713,"date":"2012-12-28T18:58:05","date_gmt":"2012-12-28T17:58:05","guid":{"rendered":"https:\/\/www.claret.org\/an-der-grenze-zwischen-philosophie-und-kultur\/"},"modified":"2012-12-28T18:58:05","modified_gmt":"2012-12-28T17:58:05","slug":"an-der-grenze-zwischen-philosophie-und-kultur","status":"publish","type":"post","link":"https:\/\/www.claret.org\/de\/an-der-grenze-zwischen-philosophie-und-kultur\/","title":{"rendered":"An der Grenze zwischen Philosophie und Kultur"},"content":{"rendered":"<p><strong>Colmenar Viejo, Spanien<\/strong>. Die Synode \u00fcber die Neuevangelisierung hat die Ordensleute gebeten, deutlich dazu bereit zu sein, sich an die geographischen, sozialen und kulturellen Grenzen zu begeben und auf ihre neuen Areopage hinzutreten.<\/p>\n<p>Vor kurzem wurde die 8. Tagung der Zeitschrift <em>Di\u00e1logo Filos\u00f3fico<\/em> ver\u00f6ffentlicht, die vor nicht ganz einem Jahr unter dem Titel \u201eErste Philosophie\u201c stattfand.<\/p>\n<p>Die gedruckte Ausgabe hat 312 Seiten; sie wurde auch als CD-ROM ver\u00f6ffentlicht.<\/p>\n<p>Die Zeitschrift <em>Di\u00e1logo Filos\u00f3fico<\/em>, die von den Claretinern der St. Jakobs-Provinz herausgegeben wird, besteht bereits seit 28 Jahren und erreicht im Dezember 2012 ihre 84. Ausgabe.<\/p>\n<p>Neben der viermonatlichen Ver\u00f6ffentlichung veranstaltet der Ausschuss der Zeitschrift alle gewisse Zeit die \u201eTagung philosophischer Dialog\u201c in Zusammenarbeit mit der Universit\u00e4t Salamanca. Im April 2013 findet die 13. Tagung statt, die sich mit dem Thema \u201epraktische Philosophie\u201c befasst.<\/p>\n<p>Bei der Organisation dieser Tagungen f\u00e4llt die vielf\u00e4ltige Herkunft von Autoren und Referenten auf. Es nehmen katholische und zivile Universit\u00e4ten teil, europ\u00e4ische und lateinamerikanische Stimmen, M\u00e4nner und Frauen \u2026 Die Autorit\u00e4t der Mitglieder des wissenschaftlichen Ausschusses l\u00e4sst sich schwerlich in Frage stellen.<\/p>\n","protected":false},"excerpt":{"rendered":"<p>Colmenar Viejo, Spanien. Die Synode \u00fcber die Neuevangelisierung hat die Ordensleute gebeten, deutlich dazu bereit zu sein, sich an die geographischen, sozialen und kulturellen Grenzen zu begeben und auf ihre neuen Areopage hinzutreten. Vor kurzem wurde die 8. Tagung der Zeitschrift Di\u00e1logo Filos\u00f3fico ver\u00f6ffentlicht, die vor nicht ganz einem Jahr unter dem Titel \u201eErste Philosophie\u201c [&hellip;]<\/p>\n","protected":false},"author":1,"featured_media":51706,"comment_status":"closed","ping_status":"closed","sticky":false,"template":"","format":"standard","meta":{"_et_pb_use_builder":"","_et_pb_old_content":"","_et_gb_content_width":"","footnotes":""},"categories":[337],"tags":[],"class_list":["post-51713","post","type-post","status-publish","format-standard","has-post-thumbnail","hentry","category-santiago-de"],"jetpack_featured_media_url":"https:\/\/i0.wp.com\/www.claret.org\/wp-content\/uploads\/2019\/07\/dialogofilosofico.jpg?fit=300%2C450&ssl=1","jetpack_sharing_enabled":true,"jetpack_shortlink":"https:\/\/wp.me\/pdaBmi-ds5","jetpack_likes_enabled":true,"_links":{"self":[{"href":"https:\/\/www.claret.org\/de\/wp-json\/wp\/v2\/posts\/51713","targetHints":{"allow":["GET"]}}],"collection":[{"href":"https:\/\/www.claret.org\/de\/wp-json\/wp\/v2\/posts"}],"about":[{"href":"https:\/\/www.claret.org\/de\/wp-json\/wp\/v2\/types\/post"}],"author":[{"embeddable":true,"href":"https:\/\/www.claret.org\/de\/wp-json\/wp\/v2\/users\/1"}],"replies":[{"embeddable":true,"href":"https:\/\/www.claret.org\/de\/wp-json\/wp\/v2\/comments?post=51713"}],"version-history":[{"count":0,"href":"https:\/\/www.claret.org\/de\/wp-json\/wp\/v2\/posts\/51713\/revisions"}],"wp:featuredmedia":[{"embeddable":true,"href":"https:\/\/www.claret.org\/de\/wp-json\/wp\/v2\/media\/51706"}],"wp:attachment":[{"href":"https:\/\/www.claret.org\/de\/wp-json\/wp\/v2\/media?parent=51713"}],"wp:term":[{"taxonomy":"category","embeddable":true,"href":"https:\/\/www.claret.org\/de\/wp-json\/wp\/v2\/categories?post=51713"},{"taxonomy":"post_tag","embeddable":true,"href":"https:\/\/www.claret.org\/de\/wp-json\/wp\/v2\/tags?post=51713"}],"curies":[{"name":"wp","href":"https:\/\/api.w.org\/{rel}","templated":true}]}}