{"id":51947,"date":"2012-11-30T11:19:43","date_gmt":"2012-11-30T10:19:43","guid":{"rendered":"https:\/\/www.claret.org\/weiterbildung-fur-junge-patres-in-zentralamerika\/"},"modified":"2012-11-30T11:19:43","modified_gmt":"2012-11-30T10:19:43","slug":"weiterbildung-fur-junge-patres-in-zentralamerika","status":"publish","type":"post","link":"https:\/\/www.claret.org\/de\/weiterbildung-fur-junge-patres-in-zentralamerika\/","title":{"rendered":"Weiterbildung f\u00fcr junge Patres in Zentralamerika"},"content":{"rendered":"<p><strong>Panama<\/strong>. Vom 28. Oktober bis 3. November fand im Exerzitienhaus \u201eMonte Alverna\u201c in Panama-Stadt die Zusammenkunft der Patres von Znetralamerika in den ersten f\u00fcnf Jahren nach der Weihe statt.<\/p>\n<p>Wie der <em>Allgemeine Ausbildungsplan<\/em> in Erinnerung ruft, sollen die jungen Missionare eine neue Weise entdecken, wie man Gott treu ist. Dazu stand dieses Jahr thematisch der Kernbereich \u201ePatris mei\u201c des \u201eSchmiedefeuers\u201c im Mittelpunkt.<\/p>\n<p>P. Gonzalo Fern\u00e1ndez CMF hielt einen Einkehrtag und erinnerte die jungen Mitbr\u00fcder daran, dass die ersten f\u00fcnf Jahre nach der Weihe eine Zeit des Realismus sind. In dieser Zeit wird dem Missionar bewusst, ob das, was er in der Ausbildung erlebt hat, einen Bezug zur Wirklichkeit hat oder nur ein Trugbild ist. Daher ist es wichtig, dass man die Erfahrung macht, dass Gott Vater ist, um von oberfl\u00e4chlichen Einstellungen in die Tiefe des Seins vorzudringen.<\/p>\n<p>Auf diesem Hintergrund tauschte man sich \u00fcber die verschiedenen pers\u00f6nlichen und gemeinschaftlichen Erfahrungen aus, die man an den jeweiligen Orten machte, wo die jungen Mitbr\u00fcder ihren missionarischen Dienst leisten. Dieser missionarische Auftrag hat in Zentralamerika sehr konkrete Gesichter und stellt gro\u00dfe Herausforderungen, auf die man als Claretiner antworten muss.<\/p>\n","protected":false},"excerpt":{"rendered":"<p>Panama. Vom 28. Oktober bis 3. November fand im Exerzitienhaus \u201eMonte Alverna\u201c in Panama-Stadt die Zusammenkunft der Patres von Znetralamerika in den ersten f\u00fcnf Jahren nach der Weihe statt. Wie der Allgemeine Ausbildungsplan in Erinnerung ruft, sollen die jungen Missionare eine neue Weise entdecken, wie man Gott treu ist. Dazu stand dieses Jahr thematisch der [&hellip;]<\/p>\n","protected":false},"author":1,"featured_media":51940,"comment_status":"closed","ping_status":"closed","sticky":false,"template":"","format":"standard","meta":{"_et_pb_use_builder":"","_et_pb_old_content":"","_et_gb_content_width":"","footnotes":""},"categories":[368],"tags":[],"class_list":["post-51947","post","type-post","status-publish","format-standard","has-post-thumbnail","hentry","category-centroamerica-de"],"jetpack_featured_media_url":"https:\/\/i0.wp.com\/www.claret.org\/wp-content\/uploads\/2019\/07\/C_A_Quinquenio_12.jpg?fit=450%2C342&ssl=1","jetpack_sharing_enabled":true,"jetpack_shortlink":"https:\/\/wp.me\/pdaBmi-dvR","jetpack_likes_enabled":true,"_links":{"self":[{"href":"https:\/\/www.claret.org\/de\/wp-json\/wp\/v2\/posts\/51947","targetHints":{"allow":["GET"]}}],"collection":[{"href":"https:\/\/www.claret.org\/de\/wp-json\/wp\/v2\/posts"}],"about":[{"href":"https:\/\/www.claret.org\/de\/wp-json\/wp\/v2\/types\/post"}],"author":[{"embeddable":true,"href":"https:\/\/www.claret.org\/de\/wp-json\/wp\/v2\/users\/1"}],"replies":[{"embeddable":true,"href":"https:\/\/www.claret.org\/de\/wp-json\/wp\/v2\/comments?post=51947"}],"version-history":[{"count":0,"href":"https:\/\/www.claret.org\/de\/wp-json\/wp\/v2\/posts\/51947\/revisions"}],"wp:featuredmedia":[{"embeddable":true,"href":"https:\/\/www.claret.org\/de\/wp-json\/wp\/v2\/media\/51940"}],"wp:attachment":[{"href":"https:\/\/www.claret.org\/de\/wp-json\/wp\/v2\/media?parent=51947"}],"wp:term":[{"taxonomy":"category","embeddable":true,"href":"https:\/\/www.claret.org\/de\/wp-json\/wp\/v2\/categories?post=51947"},{"taxonomy":"post_tag","embeddable":true,"href":"https:\/\/www.claret.org\/de\/wp-json\/wp\/v2\/tags?post=51947"}],"curies":[{"name":"wp","href":"https:\/\/api.w.org\/{rel}","templated":true}]}}