{"id":52077,"date":"2012-11-12T12:49:39","date_gmt":"2012-11-12T11:49:39","guid":{"rendered":"https:\/\/www.claret.org\/p-general-drangt-zur-solidaritat-mit-kuba\/"},"modified":"2012-11-12T12:49:39","modified_gmt":"2012-11-12T11:49:39","slug":"p-general-drangt-zur-solidaritat-mit-kuba","status":"publish","type":"post","link":"https:\/\/www.claret.org\/de\/p-general-drangt-zur-solidaritat-mit-kuba\/","title":{"rendered":"P. General dr\u00e4ngt zur Solidarit\u00e4t mit Kuba"},"content":{"rendered":"<p><strong>Rom<\/strong>. Unser Generaloberer P. Josep M. Abella CMF hat einen Brief an die Claretiner-Missionare gerichtet, in dem er um einen gro\u00dfz\u00fcgigen Beitrag aller f\u00fcr unsere Mitbr\u00fcder und das Volk von Kuba bittet, die vom Hurrikan \u201eSandy\u201c betroffen sind. (Spanischer Text des Briefs <a href=\"http:\/\/www2.claret.org\/de\/nachrichten\/12-11-2012\/index.php?option=com_docman&amp;task=doc_download&amp;gid=985&amp;Itemid=366&amp;lang=de\" rel=\"nofollow noopener\" target=\"_blank\">hier<\/a>)<\/p>\n<p>Der Brief ist darauf ausgerichtet, die wirtschaftliche Solidarit\u00e4t zu wecken und sich auf das Leid einzustellen, das dieses Volk insbesondere in der Region Santiago durchmacht.<\/p>\n","protected":false},"excerpt":{"rendered":"<p>Rom. Unser Generaloberer P. Josep M. Abella CMF hat einen Brief an die Claretiner-Missionare gerichtet, in dem er um einen gro\u00dfz\u00fcgigen Beitrag aller f\u00fcr unsere Mitbr\u00fcder und das Volk von Kuba bittet, die vom Hurrikan \u201eSandy\u201c betroffen sind. (Spanischer Text des Briefs hier) Der Brief ist darauf ausgerichtet, die wirtschaftliche Solidarit\u00e4t zu wecken und sich [&hellip;]<\/p>\n","protected":false},"author":1,"featured_media":52071,"comment_status":"closed","ping_status":"closed","sticky":false,"template":"","format":"standard","meta":{"_et_pb_use_builder":"","_et_pb_old_content":"","_et_gb_content_width":"","footnotes":""},"categories":[1616,337],"tags":[],"class_list":["post-52077","post","type-post","status-publish","format-standard","has-post-thumbnail","hentry","category-josep-abella-batlle-de","category-santiago-de"],"jetpack_featured_media_url":"https:\/\/i0.wp.com\/www.claret.org\/wp-content\/uploads\/2019\/07\/Cuba_Sandy_w.jpg?fit=425%2C283&ssl=1","jetpack_sharing_enabled":true,"jetpack_shortlink":"https:\/\/wp.me\/pdaBmi-dxX","jetpack_likes_enabled":true,"_links":{"self":[{"href":"https:\/\/www.claret.org\/de\/wp-json\/wp\/v2\/posts\/52077","targetHints":{"allow":["GET"]}}],"collection":[{"href":"https:\/\/www.claret.org\/de\/wp-json\/wp\/v2\/posts"}],"about":[{"href":"https:\/\/www.claret.org\/de\/wp-json\/wp\/v2\/types\/post"}],"author":[{"embeddable":true,"href":"https:\/\/www.claret.org\/de\/wp-json\/wp\/v2\/users\/1"}],"replies":[{"embeddable":true,"href":"https:\/\/www.claret.org\/de\/wp-json\/wp\/v2\/comments?post=52077"}],"version-history":[{"count":0,"href":"https:\/\/www.claret.org\/de\/wp-json\/wp\/v2\/posts\/52077\/revisions"}],"wp:featuredmedia":[{"embeddable":true,"href":"https:\/\/www.claret.org\/de\/wp-json\/wp\/v2\/media\/52071"}],"wp:attachment":[{"href":"https:\/\/www.claret.org\/de\/wp-json\/wp\/v2\/media?parent=52077"}],"wp:term":[{"taxonomy":"category","embeddable":true,"href":"https:\/\/www.claret.org\/de\/wp-json\/wp\/v2\/categories?post=52077"},{"taxonomy":"post_tag","embeddable":true,"href":"https:\/\/www.claret.org\/de\/wp-json\/wp\/v2\/tags?post=52077"}],"curies":[{"name":"wp","href":"https:\/\/api.w.org\/{rel}","templated":true}]}}