{"id":52371,"date":"2012-10-03T17:56:15","date_gmt":"2012-10-03T15:56:15","guid":{"rendered":"https:\/\/www.claret.org\/begegnung-mit-claret-in-englischer-sprache-abgeschlossen\/"},"modified":"2012-10-03T17:56:15","modified_gmt":"2012-10-03T15:56:15","slug":"begegnung-mit-claret-in-englischer-sprache-abgeschlossen","status":"publish","type":"post","link":"https:\/\/www.claret.org\/de\/begegnung-mit-claret-in-englischer-sprache-abgeschlossen\/","title":{"rendered":"\u201eBegegnung mit Claret\u201c in englischer Sprache abgeschlossen"},"content":{"rendered":"<p><strong>Madrid, Spanien<\/strong>. Auf Einladung des Generalpr\u00e4fekten f\u00fcr die Spiritualit\u00e4t P. Gonzalo Fern\u00e1ndez veranstaltete das Zentrum f\u00fcr claretinische Spiritualit\u00e4t in Vic im September 2012 die \u201eBegegnung mit Claret\u201c f\u00fcr Claretiner aus englischsprechenden Organismen.<\/p>\n<p>Teilnehmer waren 16 Claretiner aus den Organismen Bangalore (3), Chennai (2), Kongo (1), Delegation Ostasien (2), Philippinen (1) Indonesien (2), Nigeria-West (2), Nordos-Indien (2) und der St. Thomas-Provinz (1).<\/p>\n<p>Das Treffen begann mit einem Einkehrtag als Vorbereitung auf die folgenden Erfahrungen. Besuche an den Wirkungsst\u00e4tten von Pater Claret, Vortr\u00e4ge, pers\u00f6nliche Reflexion und Gruppenarbeit, liturgisches Leben usw. waren die Verfahren zur pers\u00f6nlichen Aneignung der Erfahrungen des Treffens.<\/p>\n<p>Der erste Abschnitt fand in Sallent, Vic, Barcelona und Fontfroide statt. Der zweite Abschnitt begann an den Martyrerorten Cervera und Barbastro und endete in Colmenar Viejo mit den Besuchen in Madrid, La Granja, Segovia, El Escorial, Aranjuez und Toledo.<\/p>\n<p>Die Besuche an den claretinischen St\u00e4tten beeindruckten die Teilnehmer und lie\u00dfen sie Kontakt aufnehmen mit der Erfahrung von Pater Claret, die sie aus der gesellschaftlichen Wirklichkeit seiner Zeit heraus besser begreifen konnten.<\/p>\n<p>Die Vortr\u00e4ge der Referenten \u00fcber Pater Claret, seinen charismatischen Geist, seine Werke (Schriften und claretinische Familie) halfen ihnen, sich mit ihm zu identifizieren. Die Einkehrtage und die liturgischen Feiern waren Zeiten zur Verinnerlichung der aktuellen Anrufe im Licht dieser Begegnung mit Claret. Die interkulturelle Realit\u00e4t der Gruppe machte ihnen Mut, den Reichtum des unterschiedlichen Lebens aus dem Charisma Claret zu sch\u00e4tzen.<\/p>\n<p>Alle Mitglieder der Gruppe waren mit der claretinischen Gastfreundschaft h\u00f6chst zufrieden, die sie in allen Gemeinschaften erlebten, in die sie kamen.<\/p>\n<p>Die \u201eBegegnung mit Claret\u201c endete am 30. September mit der positiven Auswertung und der Dankmesse.<\/p>\n<p><em>Foto: die Teilnehmer vor der Christusstatue in Granja bei Segovia.<\/em><\/p>\n","protected":false},"excerpt":{"rendered":"<p>Madrid, Spanien. Auf Einladung des Generalpr\u00e4fekten f\u00fcr die Spiritualit\u00e4t P. Gonzalo Fern\u00e1ndez veranstaltete das Zentrum f\u00fcr claretinische Spiritualit\u00e4t in Vic im September 2012 die \u201eBegegnung mit Claret\u201c f\u00fcr Claretiner aus englischsprechenden Organismen. Teilnehmer waren 16 Claretiner aus den Organismen Bangalore (3), Chennai (2), Kongo (1), Delegation Ostasien (2), Philippinen (1) Indonesien (2), Nigeria-West (2), Nordos-Indien [&hellip;]<\/p>\n","protected":false},"author":1,"featured_media":52366,"comment_status":"closed","ping_status":"closed","sticky":false,"template":"","format":"standard","meta":{"_et_pb_use_builder":"","_et_pb_old_content":"","_et_gb_content_width":"","footnotes":""},"categories":[616],"tags":[],"class_list":["post-52371","post","type-post","status-publish","format-standard","has-post-thumbnail","hentry","category-spiritualita"],"jetpack_featured_media_url":"https:\/\/i0.wp.com\/www.claret.org\/wp-content\/uploads\/2019\/07\/Encounter_with_Claret.jpg?fit=450%2C402&ssl=1","jetpack_sharing_enabled":true,"jetpack_shortlink":"https:\/\/wp.me\/pdaBmi-dCH","jetpack_likes_enabled":true,"_links":{"self":[{"href":"https:\/\/www.claret.org\/de\/wp-json\/wp\/v2\/posts\/52371","targetHints":{"allow":["GET"]}}],"collection":[{"href":"https:\/\/www.claret.org\/de\/wp-json\/wp\/v2\/posts"}],"about":[{"href":"https:\/\/www.claret.org\/de\/wp-json\/wp\/v2\/types\/post"}],"author":[{"embeddable":true,"href":"https:\/\/www.claret.org\/de\/wp-json\/wp\/v2\/users\/1"}],"replies":[{"embeddable":true,"href":"https:\/\/www.claret.org\/de\/wp-json\/wp\/v2\/comments?post=52371"}],"version-history":[{"count":0,"href":"https:\/\/www.claret.org\/de\/wp-json\/wp\/v2\/posts\/52371\/revisions"}],"wp:featuredmedia":[{"embeddable":true,"href":"https:\/\/www.claret.org\/de\/wp-json\/wp\/v2\/media\/52366"}],"wp:attachment":[{"href":"https:\/\/www.claret.org\/de\/wp-json\/wp\/v2\/media?parent=52371"}],"wp:term":[{"taxonomy":"category","embeddable":true,"href":"https:\/\/www.claret.org\/de\/wp-json\/wp\/v2\/categories?post=52371"},{"taxonomy":"post_tag","embeddable":true,"href":"https:\/\/www.claret.org\/de\/wp-json\/wp\/v2\/tags?post=52371"}],"curies":[{"name":"wp","href":"https:\/\/api.w.org\/{rel}","templated":true}]}}