{"id":52383,"date":"2012-09-28T18:09:08","date_gmt":"2012-09-28T16:09:08","guid":{"rendered":"https:\/\/www.claret.org\/treffen-der-ausbildungsprafekten-der-kongregation\/"},"modified":"2012-09-28T18:09:08","modified_gmt":"2012-09-28T16:09:08","slug":"treffen-der-ausbildungsprafekten-der-kongregation","status":"publish","type":"post","link":"https:\/\/www.claret.org\/de\/treffen-der-ausbildungsprafekten-der-kongregation\/","title":{"rendered":"Treffen der Ausbildungspr\u00e4fekten der Kongregation"},"content":{"rendered":"<div class=\"field field-name-body field-type-text-with-summary field-label-hidden\">\n<div class=\"field-items\">\n<div class=\"field-item even\">\n<p><strong>Vom 10. bis 20.<\/strong> August 2012 fand in Daressalam (Tansania) das Treffen der Ausbildungspr\u00e4fekten der Organismen der Kongregation statt. Drei\u00dfig von ihnen waren vertreten. England, Frankreich und die Baskische Provinz konnten nicht teilnehmen. Obwohl die Ausbildungspr\u00e4fekten anf\u00e4nglich eingeladen wurden, Spanisch und Englisch zu lernen, um die Kommunikation zu erleichtern, wurde das Treffen mit Simultan\u00fcbersetzung in beiden Sprachen durchgef\u00fchrt. Diese Aufgabe \u00fcbernahmen P. Basker Amalraj, P. Jos\u00e9 S\u00e1nchez und P. Malachy. Die multikulturelle Zusammensetzung der Teilnehmer war offensichtlich, da sie 17 Nationalit\u00e4ten angeh\u00f6rten.<\/p>\n<p>Die Reflexion des Treffens drehte sich um das Thema \u201eHin zu einer umgestaltenden Ausbildung\u201c. Es war den Teilnehmern klar, dass die langen Jahre unserer Grundausbildung notwendig sind, um eine Umgestaltung in der Person des Auszubildenden einzuleiten hin zur Gleichgestaltung mit Christus, dem Verk\u00fcnder des Evangeliums. Die Versammlung befasste sich mit den f\u00fcnf grundlegenden Dimensionen unsere Ordenslebens: die claretinische Identit\u00e4t der missionarischen Weihe an Gott, die apostolische Armut, die gottgeweihte Ehelosigkeit, der Gehorsam und das Gemeinschaftsleben. <img data-recalc-dims=\"1\" loading=\"lazy\" decoding=\"async\" class=\"smartresize alignright\" src=\"https:\/\/i0.wp.com\/www2.claret.org\/sites\/default\/files\/imagenes\/Noticias\/tanzania.%20sesion.jpg?resize=300%2C225\" alt=\"tanzania. sesion\" width=\"300\" height=\"225\" title=\"\">Der Aufruf des letzten Generalkapitels, die Verinnerlichung der Grundwerte des Ordenslebens zu f\u00f6rdern, die Begleitung der Auszubildenden und die Vorbereitung der Ausbilder zu vertiefen, durchzog die behandelten Themen.<\/p>\n<p>Das Treffen hatte den Blickwinkel der Erwachsenenbildung (Androgogik), den Generalvikar P. Paul Smyth vorgeschlagen hatte, wobei er selbst aus gesundheitlichen Gr\u00fcnden nicht an dem Treffen teilnehmen konnte. Die verschiedenen Themen wurden mit den Beitr\u00e4gen der Teilnehmer als einzelne und als Gruppen angereichert. Die Pr\u00e4fekten entschieden sich zu einer notwendigen Ver\u00e4nderung in der Ausbildung: vom blo\u00dfen begrifflichen Lernen zum umgestaltenden Lernen \u00fcberzugehen, was voraussetzt, dass die philosophische und theologische Lehre in den claretinischen Lebensstil integriert wird. Das Treffen kam zu einigen Entschlie\u00dfungen, die als Leitfaden dienen sollen, um den Ausbildungsauftrag in den jeweiligen Organismen zu animieren.<\/p>\n<p><img data-recalc-dims=\"1\" loading=\"lazy\" decoding=\"async\" class=\"smartresize alignleft\" src=\"https:\/\/i0.wp.com\/www2.claret.org\/sites\/default\/files\/imagenes\/Noticias\/00.tanzania.formadores%20con%20cardenal.jpg?resize=450%2C338\" alt=\"00.tanzania.formadores con cardenal\" width=\"450\" height=\"338\" title=\"\">Am 17. August feierte Kardinal Polycarp Pengo von Daressalaam die Eucharistie mit den Teilnehmern und gab in seiner Predigt einige wichtige Hinweise zur Ausbildung im afrikanischen Kontext. Am selben Tag besuchten die Teilnehmer drei Nichtregierungsorganisationen, die in der Stadt Daressalaam ihren Dienst f\u00fcr die Randgruppen der Gesellschaft leisten, insbesondere f\u00fcr Frauen und Kinder. Am Sonntag, dem 19. August begaben sie sich in die Claretinerpfarrei Kimara, um an der festlichen Eucharistiefeier teilzunehmen, die von der Gemeinde wunderbar vorbereitet worden war neben einem kulturellen Fest und dem Essen, das vom Volk angeboten wurde. Es war ein bewegender Anlass, an der afrikanischen Liturgie und Kultur teilzunehmen. Die Claretiner von Tansania organisierten unter der Leitung des Missionsoberen P. Basker Amalraj alles hervorragend und hinterlie\u00dfen bei allen Ausbildern eine angenehme Erinnerung.<\/p>\n<\/div>\n<\/div>\n<\/div>\n","protected":false},"excerpt":{"rendered":"<p>Vom 10. bis 20. August 2012 fand in Daressalam (Tansania) das Treffen der Ausbildungspr\u00e4fekten der Organismen der Kongregation statt. Drei\u00dfig von ihnen waren vertreten. England, Frankreich und die Baskische Provinz konnten nicht teilnehmen. Obwohl die Ausbildungspr\u00e4fekten anf\u00e4nglich eingeladen wurden, Spanisch und Englisch zu lernen, um die Kommunikation zu erleichtern, wurde das Treffen mit Simultan\u00fcbersetzung in [&hellip;]<\/p>\n","protected":false},"author":1,"featured_media":52377,"comment_status":"closed","ping_status":"closed","sticky":false,"template":"","format":"standard","meta":{"_et_pb_use_builder":"","_et_pb_old_content":"","_et_gb_content_width":"","footnotes":""},"categories":[498,520],"tags":[],"class_list":["post-52383","post","type-post","status-publish","format-standard","has-post-thumbnail","hentry","category-formation-de","category-generalgouvernement"],"jetpack_featured_media_url":"https:\/\/i0.wp.com\/www.claret.org\/wp-content\/uploads\/2019\/07\/00tanzaniagrupodeformadorescongregacin.jpg?fit=450%2C337&ssl=1","jetpack_sharing_enabled":true,"jetpack_shortlink":"https:\/\/wp.me\/pdaBmi-dCT","jetpack_likes_enabled":true,"_links":{"self":[{"href":"https:\/\/www.claret.org\/de\/wp-json\/wp\/v2\/posts\/52383","targetHints":{"allow":["GET"]}}],"collection":[{"href":"https:\/\/www.claret.org\/de\/wp-json\/wp\/v2\/posts"}],"about":[{"href":"https:\/\/www.claret.org\/de\/wp-json\/wp\/v2\/types\/post"}],"author":[{"embeddable":true,"href":"https:\/\/www.claret.org\/de\/wp-json\/wp\/v2\/users\/1"}],"replies":[{"embeddable":true,"href":"https:\/\/www.claret.org\/de\/wp-json\/wp\/v2\/comments?post=52383"}],"version-history":[{"count":0,"href":"https:\/\/www.claret.org\/de\/wp-json\/wp\/v2\/posts\/52383\/revisions"}],"wp:featuredmedia":[{"embeddable":true,"href":"https:\/\/www.claret.org\/de\/wp-json\/wp\/v2\/media\/52377"}],"wp:attachment":[{"href":"https:\/\/www.claret.org\/de\/wp-json\/wp\/v2\/media?parent=52383"}],"wp:term":[{"taxonomy":"category","embeddable":true,"href":"https:\/\/www.claret.org\/de\/wp-json\/wp\/v2\/categories?post=52383"},{"taxonomy":"post_tag","embeddable":true,"href":"https:\/\/www.claret.org\/de\/wp-json\/wp\/v2\/tags?post=52383"}],"curies":[{"name":"wp","href":"https:\/\/api.w.org\/{rel}","templated":true}]}}