{"id":52542,"date":"2012-08-16T09:52:11","date_gmt":"2012-08-16T07:52:11","guid":{"rendered":"https:\/\/www.claret.org\/p-general-beruft-die-erste-versammlung-der-claretinerkonferenz-amerika-ein\/"},"modified":"2012-08-16T09:52:11","modified_gmt":"2012-08-16T07:52:11","slug":"p-general-beruft-die-erste-versammlung-der-claretinerkonferenz-amerika-ein","status":"publish","type":"post","link":"https:\/\/www.claret.org\/de\/p-general-beruft-die-erste-versammlung-der-claretinerkonferenz-amerika-ein\/","title":{"rendered":"P. General beruft die erste Versammlung der Claretinerkonferenz Amerika ein"},"content":{"rendered":"<p><strong>Rom<\/strong>. Mit Datum vom 23. Juli 2012 hat der Generalobere P. Josep M. Abella das Einladungsschreiben zur ersten Versammlung der neuen Claretinerkonferenz Amerika (CCA) ver\u00f6ffentlicht.<\/p>\n<p>Die au\u00dferordentliche Versammlung, die vom 26. bis 30. November in San Jos\u00e9 de Costa Rica stattfindet, wurde ausnahmsweise von P. General einberufen, da die Vertreter der genannten Konferenz zum ersten Mal zusammenkommen.<\/p>\n<p>Teilnehmen werden als Mitglieder von Amts wegen die h\u00f6heren Oberen der Provinzen und unabh\u00e4ngigen Delegationen von Amerika sowie die Koordinatoren der Missionen Norte de Potos\u00ed und Belize; au\u00dferdem f\u00fcr jeden h\u00f6heren Organismus des amerikanischen Kontinents ein Delegierter, wie in den vorl\u00e4ufigen Satzungen der Konferenz festgelegt ist.<\/p>\n<p>Unter anderem wird die Versammlung die vorl\u00e4ufigen Satzungen \u00fcberpr\u00fcfen und endg\u00fcltig verabschieden, ihre Planung vorlegen, ihre Animationsprogramme ausarbeiten, ihre Dienste organisieren und ihre erste Leitung w\u00e4hlen.<\/p>\n<p>Die neue Konferenz ist das Ergebnis der Reorganisation der fr\u00fcheren Konferenzen CICLA (Lateinamerika und Karibik) und NACLA (USA und Kanada).<\/p>\n<p>Klicken, um das <a href=\"http:\/\/www2.claret.org\/de\/nachrichten\/24-07-2012\/index.php?option=com_docman&amp;task=doc_download&amp;gid=973&amp;Itemid=366&amp;lang=de\" rel=\"nofollow noopener\" target=\"_blank\">Einladungsschreiben <\/a>zu lesen<\/p>\n","protected":false},"excerpt":{"rendered":"<p>Rom. Mit Datum vom 23. Juli 2012 hat der Generalobere P. Josep M. Abella das Einladungsschreiben zur ersten Versammlung der neuen Claretinerkonferenz Amerika (CCA) ver\u00f6ffentlicht. Die au\u00dferordentliche Versammlung, die vom 26. bis 30. November in San Jos\u00e9 de Costa Rica stattfindet, wurde ausnahmsweise von P. General einberufen, da die Vertreter der genannten Konferenz zum ersten [&hellip;]<\/p>\n","protected":false},"author":1,"featured_media":52536,"comment_status":"closed","ping_status":"closed","sticky":false,"template":"","format":"standard","meta":{"_et_pb_use_builder":"","_et_pb_old_content":"","_et_gb_content_width":"","footnotes":""},"categories":[355],"tags":[],"class_list":["post-52542","post","type-post","status-publish","format-standard","has-post-thumbnail","hentry","category-amerika"],"jetpack_featured_media_url":"https:\/\/i0.wp.com\/www.claret.org\/wp-content\/uploads\/2019\/07\/CCA.jpg?fit=450%2C246&ssl=1","jetpack_sharing_enabled":true,"jetpack_shortlink":"https:\/\/wp.me\/pdaBmi-dFs","jetpack_likes_enabled":true,"_links":{"self":[{"href":"https:\/\/www.claret.org\/de\/wp-json\/wp\/v2\/posts\/52542","targetHints":{"allow":["GET"]}}],"collection":[{"href":"https:\/\/www.claret.org\/de\/wp-json\/wp\/v2\/posts"}],"about":[{"href":"https:\/\/www.claret.org\/de\/wp-json\/wp\/v2\/types\/post"}],"author":[{"embeddable":true,"href":"https:\/\/www.claret.org\/de\/wp-json\/wp\/v2\/users\/1"}],"replies":[{"embeddable":true,"href":"https:\/\/www.claret.org\/de\/wp-json\/wp\/v2\/comments?post=52542"}],"version-history":[{"count":0,"href":"https:\/\/www.claret.org\/de\/wp-json\/wp\/v2\/posts\/52542\/revisions"}],"wp:featuredmedia":[{"embeddable":true,"href":"https:\/\/www.claret.org\/de\/wp-json\/wp\/v2\/media\/52536"}],"wp:attachment":[{"href":"https:\/\/www.claret.org\/de\/wp-json\/wp\/v2\/media?parent=52542"}],"wp:term":[{"taxonomy":"category","embeddable":true,"href":"https:\/\/www.claret.org\/de\/wp-json\/wp\/v2\/categories?post=52542"},{"taxonomy":"post_tag","embeddable":true,"href":"https:\/\/www.claret.org\/de\/wp-json\/wp\/v2\/tags?post=52542"}],"curies":[{"name":"wp","href":"https:\/\/api.w.org\/{rel}","templated":true}]}}