{"id":52560,"date":"2012-07-27T09:58:39","date_gmt":"2012-07-27T07:58:39","guid":{"rendered":"https:\/\/www.claret.org\/errichtung-der-unabhangigen-delegation-kamerun\/"},"modified":"2012-07-27T09:58:39","modified_gmt":"2012-07-27T07:58:39","slug":"errichtung-der-unabhangigen-delegation-kamerun","status":"publish","type":"post","link":"https:\/\/www.claret.org\/de\/errichtung-der-unabhangigen-delegation-kamerun\/","title":{"rendered":"Errichtung der unabh\u00e4ngigen Delegation Kamerun"},"content":{"rendered":"<div class=\"field field-name-body field-type-text-with-summary field-label-hidden\">\n<div class=\"field-items\">\n<div class=\"field-item even\">\n<p><strong>Der 6. Juli 2012<\/strong> bleibt ein gro\u00dfer Tag f\u00fcr die Claretinermissionare in Kamerun. An diesem schicksalhaften Tag wurde die unabh\u00e4ngige Delegation der Claretiner-Missionare w\u00e4hrend eines Pontifikalhochamts errichtet, in dem der Nuntius f\u00fcr Kamerun und \u00c4quatorialguinea Msgr. Piero Pioppo Hauptzelebrant war. Der Generalobere P. Josep Maria Abella CMF war anwesend. In seiner Predigt betonte der Nuntius die Bedeutung der Arbeit der Claretiner-Missionen in der Welt und besonders in Afrika. Er lud die Claretiner in Kamerun ein, dem Pfad des Gr\u00fcnders St. Antonius Claret zu folgen und das Evangelium mit allen m\u00f6glichen Mitteln zu verk\u00fcnden.<\/p>\n<p>Nach der Predigt begann die eigentliche Errichtung. Nach der Verlesung der Dekrete zur Errichtung der Delegation in englischer und franz\u00f6sischer Sprache wurden die Ernennungsurkunden des h\u00f6heren Oberen und seiner Konsultoren verlesen, gefolgt von der Verlesung von Nr. 113 unserer Konstitutionen. Direkt vor dem Altar stehend, legte der h\u00f6here Obere P. Michel Archange Tigui CMF das Glaubensbekenntnis ab.<\/p>\n<p>Bei dieser Gelegenheit in all ihrer Feierlichkeit kamen eine gro\u00dfe Zahl unserer Pfarrangeh\u00f6rigen und Mitglieder der claretinischen Familie aus ganz Kamerun zusammen.<\/p>\n<\/div>\n<\/div>\n<\/div>\n","protected":false},"excerpt":{"rendered":"<p>Der 6. Juli 2012 bleibt ein gro\u00dfer Tag f\u00fcr die Claretinermissionare in Kamerun. An diesem schicksalhaften Tag wurde die unabh\u00e4ngige Delegation der Claretiner-Missionare w\u00e4hrend eines Pontifikalhochamts errichtet, in dem der Nuntius f\u00fcr Kamerun und \u00c4quatorialguinea Msgr. Piero Pioppo Hauptzelebrant war. Der Generalobere P. Josep Maria Abella CMF war anwesend. In seiner Predigt betonte der Nuntius [&hellip;]<\/p>\n","protected":false},"author":1,"featured_media":52554,"comment_status":"closed","ping_status":"closed","sticky":false,"template":"","format":"standard","meta":{"_et_pb_use_builder":"","_et_pb_old_content":"","_et_gb_content_width":"","footnotes":""},"categories":[133],"tags":[],"class_list":["post-52560","post","type-post","status-publish","format-standard","has-post-thumbnail","hentry","category-cameroun-de"],"jetpack_featured_media_url":"https:\/\/i0.wp.com\/www.claret.org\/wp-content\/uploads\/2019\/07\/cameroun_inaguration.jpg?fit=450%2C252&ssl=1","jetpack_sharing_enabled":true,"jetpack_shortlink":"https:\/\/wp.me\/pdaBmi-dFK","jetpack_likes_enabled":true,"_links":{"self":[{"href":"https:\/\/www.claret.org\/de\/wp-json\/wp\/v2\/posts\/52560","targetHints":{"allow":["GET"]}}],"collection":[{"href":"https:\/\/www.claret.org\/de\/wp-json\/wp\/v2\/posts"}],"about":[{"href":"https:\/\/www.claret.org\/de\/wp-json\/wp\/v2\/types\/post"}],"author":[{"embeddable":true,"href":"https:\/\/www.claret.org\/de\/wp-json\/wp\/v2\/users\/1"}],"replies":[{"embeddable":true,"href":"https:\/\/www.claret.org\/de\/wp-json\/wp\/v2\/comments?post=52560"}],"version-history":[{"count":0,"href":"https:\/\/www.claret.org\/de\/wp-json\/wp\/v2\/posts\/52560\/revisions"}],"wp:featuredmedia":[{"embeddable":true,"href":"https:\/\/www.claret.org\/de\/wp-json\/wp\/v2\/media\/52554"}],"wp:attachment":[{"href":"https:\/\/www.claret.org\/de\/wp-json\/wp\/v2\/media?parent=52560"}],"wp:term":[{"taxonomy":"category","embeddable":true,"href":"https:\/\/www.claret.org\/de\/wp-json\/wp\/v2\/categories?post=52560"},{"taxonomy":"post_tag","embeddable":true,"href":"https:\/\/www.claret.org\/de\/wp-json\/wp\/v2\/tags?post=52560"}],"curies":[{"name":"wp","href":"https:\/\/api.w.org\/{rel}","templated":true}]}}