{"id":53023,"date":"2012-05-29T16:50:19","date_gmt":"2012-05-29T14:50:19","guid":{"rendered":"https:\/\/www.claret.org\/die-mission-in-gabun\/"},"modified":"2012-05-29T16:50:19","modified_gmt":"2012-05-29T14:50:19","slug":"die-mission-in-gabun","status":"publish","type":"post","link":"https:\/\/www.claret.org\/de\/die-mission-in-gabun\/","title":{"rendered":"Die Mission in Gabun"},"content":{"rendered":"<p><strong>Libreville, Gabun<\/strong>. Die Generalleitung hat im Rahmen ihres Plans zur Reorganisation unserer Pr\u00e4senz in Zentralafrika beschlossen, die Mission in Gabun direkt der Generalleitung zu unterstellen.<\/p>\n<p>Mit demZiel, die gegenw\u00e4rtige Lage kennenzulernen und sich mit unseren Missionaren \u00fcber die Zukunftspl\u00e4ne auszutauschen hat der Generalpr\u00e4fekt f\u00fcr die Spiritualit\u00e4t P, Gonzalo Fern\u00e1ndez das Land vom 6. bis 15. Mai bereist.<\/p>\n<p>Neben den Einzelgespr\u00e4chen mit allen Missionaren und dem Besuch aller Positionen (Libreville, Franceville-Mingara, Akieni und Okondja) hat er zwei Regionalversammlungen gehalten (eine in Franceville und die andere in Libreville, um die neuen Satzungen der Mission vorzustellen und \u00fcber die k\u00fcnftigen Priorit\u00e4ten und die Zusammensetzung des Leitungsrats zu sprechen.<\/p>\n<p>Er hat auch mit den Bisch\u00f6fen von Franceville und Libreville gepsrochen, denen er die n\u00e4chsten organisatiorischen Ver\u00e4nderungen erkl\u00e4rt hat. Die Mission in Gabun besteh aus einigen einheimischen Missionare und anderen aus dem Kongo, aus Kamerun und aus Italien.<\/p>\n","protected":false},"excerpt":{"rendered":"<p>Libreville, Gabun. Die Generalleitung hat im Rahmen ihres Plans zur Reorganisation unserer Pr\u00e4senz in Zentralafrika beschlossen, die Mission in Gabun direkt der Generalleitung zu unterstellen. Mit demZiel, die gegenw\u00e4rtige Lage kennenzulernen und sich mit unseren Missionaren \u00fcber die Zukunftspl\u00e4ne auszutauschen hat der Generalpr\u00e4fekt f\u00fcr die Spiritualit\u00e4t P, Gonzalo Fern\u00e1ndez das Land vom 6. bis 15. [&hellip;]<\/p>\n","protected":false},"author":1,"featured_media":53017,"comment_status":"closed","ping_status":"closed","sticky":false,"template":"","format":"standard","meta":{"_et_pb_use_builder":"","_et_pb_old_content":"","_et_gb_content_width":"","footnotes":""},"categories":[495,169],"tags":[],"class_list":["post-53023","post","type-post","status-publish","format-standard","has-post-thumbnail","hentry","category-allgemeine-hauser","category-padre-xifre-de"],"jetpack_featured_media_url":"https:\/\/i0.wp.com\/www.claret.org\/wp-content\/uploads\/2019\/07\/Gabon_2012_029.jpg?fit=448%2C336&ssl=1","jetpack_sharing_enabled":true,"jetpack_shortlink":"https:\/\/wp.me\/pdaBmi-dNd","jetpack_likes_enabled":true,"_links":{"self":[{"href":"https:\/\/www.claret.org\/de\/wp-json\/wp\/v2\/posts\/53023","targetHints":{"allow":["GET"]}}],"collection":[{"href":"https:\/\/www.claret.org\/de\/wp-json\/wp\/v2\/posts"}],"about":[{"href":"https:\/\/www.claret.org\/de\/wp-json\/wp\/v2\/types\/post"}],"author":[{"embeddable":true,"href":"https:\/\/www.claret.org\/de\/wp-json\/wp\/v2\/users\/1"}],"replies":[{"embeddable":true,"href":"https:\/\/www.claret.org\/de\/wp-json\/wp\/v2\/comments?post=53023"}],"version-history":[{"count":0,"href":"https:\/\/www.claret.org\/de\/wp-json\/wp\/v2\/posts\/53023\/revisions"}],"wp:featuredmedia":[{"embeddable":true,"href":"https:\/\/www.claret.org\/de\/wp-json\/wp\/v2\/media\/53017"}],"wp:attachment":[{"href":"https:\/\/www.claret.org\/de\/wp-json\/wp\/v2\/media?parent=53023"}],"wp:term":[{"taxonomy":"category","embeddable":true,"href":"https:\/\/www.claret.org\/de\/wp-json\/wp\/v2\/categories?post=53023"},{"taxonomy":"post_tag","embeddable":true,"href":"https:\/\/www.claret.org\/de\/wp-json\/wp\/v2\/tags?post=53023"}],"curies":[{"name":"wp","href":"https:\/\/api.w.org\/{rel}","templated":true}]}}