{"id":53099,"date":"2012-05-24T17:46:57","date_gmt":"2012-05-24T15:46:57","guid":{"rendered":"https:\/\/www.claret.org\/die-spanische-zeitschrift-misioneros-tercer-milenio-beschreibt-die-arbeit-der-claretiner\/"},"modified":"2012-05-24T17:46:57","modified_gmt":"2012-05-24T15:46:57","slug":"die-spanische-zeitschrift-misioneros-tercer-milenio-beschreibt-die-arbeit-der-claretiner","status":"publish","type":"post","link":"https:\/\/www.claret.org\/de\/die-spanische-zeitschrift-misioneros-tercer-milenio-beschreibt-die-arbeit-der-claretiner\/","title":{"rendered":"Die spanische Zeitschrift \u201eMisioneros Tercer Milenio\u201c beschreibt die Arbeit der Claretiner"},"content":{"rendered":"<p><strong>Madrid, Spanien<\/strong>. Die Missionsdelegierten der spanischen Di\u00f6zesen halten dieser Tage ihr Jahrestreffen. Gleichzeitig interviewt das Hauptorgan der p\u00e4pstlichen Missionswerke (die Zeitschrift <em>Misioneros Tercer Milenio<\/em>) Juan \u00c1ngel Artiles, einen spanischen Claretiner, der seit 2005 als Missionar in Indonesien ist.<\/p>\n<p><em>Misioneros Tercer Milenio <\/em>ist eine Monatsschrift, die ausdr\u00fccklich von 18 Missionsvereinigungen, darunter die Claretiner, unterst\u00fctzt wird. Sie bringt den spanischen Katholiken in etwa 60-seitigen farbig gestalteten Ausgaben die Wirklichkeit der Kirche auf den f\u00fcnf Kontinenten nahe. Jedes Exemplar enth\u00e4lt Reportagen, Interviews, Kurznachrichten, Arbeitsmaterialien, Zeugnisse usw.<\/p>\n<p>2001 hat die Zeitschrift anl\u00e4sslich des Weltmissionssonntags die Erfahrung eines weiteren spanischen Claretiners aufgegriffen, n\u00e4mlich P. Eduardo Monge, der aus gesundheitlichen Gr\u00fcnden nach Europa zur\u00fcckkehren musste. Nun ist der Interviewpartner Juan \u00c1ngel Artiles, der die letzten zw\u00f6lf Monate wegen eines ernsten Problems mit dem Knie in Spanien verbringen musste. Das Problem ist auch einem guten Weg und wird ihn nicht an der R\u00fcckkehr nach Indonesien hindern. In dem Interview beschreibt Juan \u00c1ngel die Gesellschaft und die Kirche der Inselgruppe, spricht von ihrem Reichtum und ihren Grenzen, beschreibt die wichtigsten Projekte der Kongregation in der Region und erkl\u00e4rt, er habe \u201esehr gro\u00dfe Lust\u201c, nach Asien zur\u00fcckzukehren.<\/p>\n","protected":false},"excerpt":{"rendered":"<p>Madrid, Spanien. Die Missionsdelegierten der spanischen Di\u00f6zesen halten dieser Tage ihr Jahrestreffen. Gleichzeitig interviewt das Hauptorgan der p\u00e4pstlichen Missionswerke (die Zeitschrift Misioneros Tercer Milenio) Juan \u00c1ngel Artiles, einen spanischen Claretiner, der seit 2005 als Missionar in Indonesien ist. Misioneros Tercer Milenio ist eine Monatsschrift, die ausdr\u00fccklich von 18 Missionsvereinigungen, darunter die Claretiner, unterst\u00fctzt wird. Sie [&hellip;]<\/p>\n","protected":false},"author":1,"featured_media":53091,"comment_status":"closed","ping_status":"closed","sticky":false,"template":"","format":"standard","meta":{"_et_pb_use_builder":"","_et_pb_old_content":"","_et_gb_content_width":"","footnotes":""},"categories":[254],"tags":[],"class_list":["post-53099","post","type-post","status-publish","format-standard","has-post-thumbnail","hentry","category-claret-publishing-group-de"],"jetpack_featured_media_url":"https:\/\/i0.wp.com\/www.claret.org\/wp-content\/uploads\/2019\/07\/OMPEspaa1_w.jpg?fit=337%2C450&ssl=1","jetpack_sharing_enabled":true,"jetpack_shortlink":"https:\/\/wp.me\/pdaBmi-dOr","jetpack_likes_enabled":true,"_links":{"self":[{"href":"https:\/\/www.claret.org\/de\/wp-json\/wp\/v2\/posts\/53099","targetHints":{"allow":["GET"]}}],"collection":[{"href":"https:\/\/www.claret.org\/de\/wp-json\/wp\/v2\/posts"}],"about":[{"href":"https:\/\/www.claret.org\/de\/wp-json\/wp\/v2\/types\/post"}],"author":[{"embeddable":true,"href":"https:\/\/www.claret.org\/de\/wp-json\/wp\/v2\/users\/1"}],"replies":[{"embeddable":true,"href":"https:\/\/www.claret.org\/de\/wp-json\/wp\/v2\/comments?post=53099"}],"version-history":[{"count":0,"href":"https:\/\/www.claret.org\/de\/wp-json\/wp\/v2\/posts\/53099\/revisions"}],"wp:featuredmedia":[{"embeddable":true,"href":"https:\/\/www.claret.org\/de\/wp-json\/wp\/v2\/media\/53091"}],"wp:attachment":[{"href":"https:\/\/www.claret.org\/de\/wp-json\/wp\/v2\/media?parent=53099"}],"wp:term":[{"taxonomy":"category","embeddable":true,"href":"https:\/\/www.claret.org\/de\/wp-json\/wp\/v2\/categories?post=53099"},{"taxonomy":"post_tag","embeddable":true,"href":"https:\/\/www.claret.org\/de\/wp-json\/wp\/v2\/tags?post=53099"}],"curies":[{"name":"wp","href":"https:\/\/api.w.org\/{rel}","templated":true}]}}