{"id":53184,"date":"2012-05-14T18:40:35","date_gmt":"2012-05-14T16:40:35","guid":{"rendered":"https:\/\/www.claret.org\/108-todestag-von-p-mariano-avellana-cmf\/"},"modified":"2012-05-14T18:40:35","modified_gmt":"2012-05-14T16:40:35","slug":"108-todestag-von-p-mariano-avellana-cmf","status":"publish","type":"post","link":"https:\/\/www.claret.org\/de\/108-todestag-von-p-mariano-avellana-cmf\/","title":{"rendered":"108. Todestag von P. Mariano Avellana CMF"},"content":{"rendered":"<p><strong>Santiago de Chile<\/strong>. Am 14. Mai sind es 108 Jahre, dass der Ehrw\u00fcrdige P. Mariano Avellana CMF heimgegangen ist, der eine der gro\u00dfen Ikonen der Heiligkeit ist, die das Charisma des Heiligen Antonius Maria Claret hervorgebracht hat.<\/p>\n<p>Der Ehrw\u00fcrdige ist ein vollendetes Beispiel der Radikalit\u00e4t, die das missionarische Engagement im Leben erreichen kann: Er entz\u00fcndete die Welt mit dem Feuer, das in ihm brannte, ohne dass ihm etwas Einhalt gebieten konnte, freute sich auch in Entbehrungen und ging die Arbeit der Verk\u00fcndigung des Evangeliums an, ohne sich zu zieren, und stellte sich gleichzeitig den unvermeidlichen Opfern, Verleumdungen und sogar Qualen, wenn es notwendig war.<\/p>\n<p>Eine interessante Reflexion dazu ist \u00fcber folgenden Link zu lesen: <a href=\"http:\/\/www.claretianosdelsur.org\/el-p-mariano-avellana-un-testimonio-comprometedor\" rel=\"nofollow noopener\" target=\"_blank\">http:\/\/www.claretianosdelsur.org\/el-p-mariano-avellana-un-testimonio-comprometedor<\/a><\/p>\n","protected":false},"excerpt":{"rendered":"<p>Santiago de Chile. Am 14. Mai sind es 108 Jahre, dass der Ehrw\u00fcrdige P. Mariano Avellana CMF heimgegangen ist, der eine der gro\u00dfen Ikonen der Heiligkeit ist, die das Charisma des Heiligen Antonius Maria Claret hervorgebracht hat. Der Ehrw\u00fcrdige ist ein vollendetes Beispiel der Radikalit\u00e4t, die das missionarische Engagement im Leben erreichen kann: Er entz\u00fcndete [&hellip;]<\/p>\n","protected":false},"author":1,"featured_media":53178,"comment_status":"closed","ping_status":"closed","sticky":false,"template":"","format":"standard","meta":{"_et_pb_use_builder":"","_et_pb_old_content":"","_et_gb_content_width":"","footnotes":""},"categories":[463,1884,392],"tags":[],"class_list":["post-53184","post","type-post","status-publish","format-standard","has-post-thumbnail","hentry","category-ursachen-von-heiligen","category-mariano-avellana-de","category-san-jose-del-sur-de"],"jetpack_featured_media_url":"https:\/\/i0.wp.com\/www.claret.org\/wp-content\/uploads\/2019\/07\/Avellana_Pster.jpg?fit=318%2C450&ssl=1","jetpack_sharing_enabled":true,"jetpack_shortlink":"https:\/\/wp.me\/pdaBmi-dPO","jetpack_likes_enabled":true,"_links":{"self":[{"href":"https:\/\/www.claret.org\/de\/wp-json\/wp\/v2\/posts\/53184","targetHints":{"allow":["GET"]}}],"collection":[{"href":"https:\/\/www.claret.org\/de\/wp-json\/wp\/v2\/posts"}],"about":[{"href":"https:\/\/www.claret.org\/de\/wp-json\/wp\/v2\/types\/post"}],"author":[{"embeddable":true,"href":"https:\/\/www.claret.org\/de\/wp-json\/wp\/v2\/users\/1"}],"replies":[{"embeddable":true,"href":"https:\/\/www.claret.org\/de\/wp-json\/wp\/v2\/comments?post=53184"}],"version-history":[{"count":0,"href":"https:\/\/www.claret.org\/de\/wp-json\/wp\/v2\/posts\/53184\/revisions"}],"wp:featuredmedia":[{"embeddable":true,"href":"https:\/\/www.claret.org\/de\/wp-json\/wp\/v2\/media\/53178"}],"wp:attachment":[{"href":"https:\/\/www.claret.org\/de\/wp-json\/wp\/v2\/media?parent=53184"}],"wp:term":[{"taxonomy":"category","embeddable":true,"href":"https:\/\/www.claret.org\/de\/wp-json\/wp\/v2\/categories?post=53184"},{"taxonomy":"post_tag","embeddable":true,"href":"https:\/\/www.claret.org\/de\/wp-json\/wp\/v2\/tags?post=53184"}],"curies":[{"name":"wp","href":"https:\/\/api.w.org\/{rel}","templated":true}]}}