{"id":53244,"date":"2012-05-11T19:06:13","date_gmt":"2012-05-11T17:06:13","guid":{"rendered":"https:\/\/www.claret.org\/funf-spanische-bischofe-laden-ihre-priester-ein-der-martyrer-von-barbastro-zu-gedenken\/"},"modified":"2012-05-11T19:06:13","modified_gmt":"2012-05-11T17:06:13","slug":"funf-spanische-bischofe-laden-ihre-priester-ein-der-martyrer-von-barbastro-zu-gedenken","status":"publish","type":"post","link":"https:\/\/www.claret.org\/de\/funf-spanische-bischofe-laden-ihre-priester-ein-der-martyrer-von-barbastro-zu-gedenken\/","title":{"rendered":"F\u00fcnf spanische Bisch\u00f6fe laden ihre Priester ein, der Martyrer von Barbastro zu gedenken"},"content":{"rendered":"<p><strong>Zaragoza, Spanien<\/strong>. Der Erzbischof von Zaragoza, einer der wichtigsten spanischen St\u00e4dte, und die anderen vier Bisch\u00f6fe der Region haben einen Priestertag zum 75. Jahrestag der Martyrer von Barbastro angesetzt, zu dem sie ausdr\u00fccklich die Di\u00f6zesan- und Ordenspriester eingeladen haben.<\/p>\n<p>&nbsp;<\/p>\n<p>\u00dcber zweihundert Priester, darunter an die f\u00fcnfzehn Claretiner, kamen in der sinnbildlichen Basilika \u201eEl Pilar\u201c zusammen, um miteinander Eucharistie zu feiern.<\/p>\n<p>Zuvor hatte ihnen Kardinal Angelo Amato, der Pr\u00e4fekt der Kongregation f\u00fcr die Selig- und Heiligsprechungen, eine Meditation gehalten, und Bischof Alfonso Mili\u00e1n von Barbastro hatte ausdr\u00fccklich das Beispiel der seligen Claretiner-Martyrer in Erinnerung gerufen. Die Feier wurde mit einem br\u00fcderlichen Mahl abgeschlossen.<\/p>\n<p>P. Manuel A. Tamargo CMF, der Provinzial der St. Jakobs-Provinz, kam eigens aus Madrid, um an dem Tag teilzunehmen.<\/p>\n<p>Die Kirchenprovinz Zaragoza hat ihren Ursprung in den ersten Jahren nach der Ankunft des Glaubens in Spanien und besteht aus f\u00fcnf Di\u00f6zesen: Barbastro-Monz\u00f3n, Huesca, Tarazona, Teruel-Albarrac\u00edn und Zaragoza, in denen an die f\u00fcnftausend Priester leben. Die Kongregation ist dort seit 1869 pr\u00e4sent, heute mit vier Gemeinschaften: zwei in Zaragoza, eine in Alag\u00f3n und eine weitere in Barbastro.<\/p>\n","protected":false},"excerpt":{"rendered":"<p>Zaragoza, Spanien. Der Erzbischof von Zaragoza, einer der wichtigsten spanischen St\u00e4dte, und die anderen vier Bisch\u00f6fe der Region haben einen Priestertag zum 75. Jahrestag der Martyrer von Barbastro angesetzt, zu dem sie ausdr\u00fccklich die Di\u00f6zesan- und Ordenspriester eingeladen haben. &nbsp; \u00dcber zweihundert Priester, darunter an die f\u00fcnfzehn Claretiner, kamen in der sinnbildlichen Basilika \u201eEl Pilar\u201c [&hellip;]<\/p>\n","protected":false},"author":1,"featured_media":53238,"comment_status":"closed","ping_status":"closed","sticky":false,"template":"","format":"standard","meta":{"_et_pb_use_builder":"","_et_pb_old_content":"","_et_gb_content_width":"","footnotes":""},"categories":[476,337],"tags":[],"class_list":["post-53244","post","type-post","status-publish","format-standard","has-post-thumbnail","hentry","category-martyrer-von-barbastro","category-santiago-de"],"jetpack_featured_media_url":"https:\/\/i0.wp.com\/www.claret.org\/wp-content\/uploads\/2019\/07\/ZaragozaPilar_w.jpg?fit=450%2C338&ssl=1","jetpack_sharing_enabled":true,"jetpack_shortlink":"https:\/\/wp.me\/pdaBmi-dQM","jetpack_likes_enabled":true,"_links":{"self":[{"href":"https:\/\/www.claret.org\/de\/wp-json\/wp\/v2\/posts\/53244","targetHints":{"allow":["GET"]}}],"collection":[{"href":"https:\/\/www.claret.org\/de\/wp-json\/wp\/v2\/posts"}],"about":[{"href":"https:\/\/www.claret.org\/de\/wp-json\/wp\/v2\/types\/post"}],"author":[{"embeddable":true,"href":"https:\/\/www.claret.org\/de\/wp-json\/wp\/v2\/users\/1"}],"replies":[{"embeddable":true,"href":"https:\/\/www.claret.org\/de\/wp-json\/wp\/v2\/comments?post=53244"}],"version-history":[{"count":0,"href":"https:\/\/www.claret.org\/de\/wp-json\/wp\/v2\/posts\/53244\/revisions"}],"wp:featuredmedia":[{"embeddable":true,"href":"https:\/\/www.claret.org\/de\/wp-json\/wp\/v2\/media\/53238"}],"wp:attachment":[{"href":"https:\/\/www.claret.org\/de\/wp-json\/wp\/v2\/media?parent=53244"}],"wp:term":[{"taxonomy":"category","embeddable":true,"href":"https:\/\/www.claret.org\/de\/wp-json\/wp\/v2\/categories?post=53244"},{"taxonomy":"post_tag","embeddable":true,"href":"https:\/\/www.claret.org\/de\/wp-json\/wp\/v2\/tags?post=53244"}],"curies":[{"name":"wp","href":"https:\/\/api.w.org\/{rel}","templated":true}]}}