{"id":53328,"date":"2012-04-24T10:01:17","date_gmt":"2012-04-24T08:01:17","guid":{"rendered":"https:\/\/www.claret.org\/ausstellung-religioser-kunst-in-la-maya\/"},"modified":"2012-04-24T10:01:17","modified_gmt":"2012-04-24T08:01:17","slug":"ausstellung-religioser-kunst-in-la-maya","status":"publish","type":"post","link":"https:\/\/www.claret.org\/de\/ausstellung-religioser-kunst-in-la-maya\/","title":{"rendered":"Ausstellung religi\u00f6ser Kunst in La Maya"},"content":{"rendered":"<p><b>La Maya, Kuba<\/b>. Am 16. April hat die Gemeinschaft La Maya etwas noch nie Dagewesenes erlebt: eine Ausstellung religi\u00f6ser Kunst zu Ehren Unserer Lieben Frau von der N\u00e4chstenliebe von El Cobre, der Patronin von Kuba.<\/p>\n<p>&nbsp;<\/p>\n<p>Die Veranstaltung steht im Rahmen der Feiern des Jubil\u00e4umsjahrs zum 400. Jahrestag der Auffindung des Gnadenbilds und seiner Gegenwart in der Geschichte des Landes.<\/p>\n<p>Die Initiative ging von den Claretiner-Missionaren aus, die die Kirche San Jos\u00e9 in La Maya, die Pfarrei von der unbefleckten Empf\u00e4ngnis in Ti Arriba betreuen, und zwar in Zusammenarbeit mit dem \u201eZentrum f\u00fcr Kultur und missionarische Animation San Antonio Mar\u00eda Claret\u201c (CCAM), das von den Claretinern in Santiago de Cuba gegr\u00fcndet wurde. Die Ausstellung mit dem Titel \u201eMein Bild von der N\u00e4chstenliebe\u201c umfasst einen Teil des Besitzes der Galerie des Kulturzentrums.<\/p>\n<p>F\u00fcr die Claretiner-Missionare von Santiago de Cuba stellt das Ereignis eine Erweiterung der anhaltenden Arbeit dar, die sie seit 1999 in der Schaffung von R\u00e4umen f\u00fcr den Dialog zwischen Glauben und Kultur geschaffen haben, dem sich nun die hiesige Gemeinschaft angeschlossen hat.<\/p>\n<p>Bei der Er\u00f6ffnungsveranstaltung hie\u00df P. Juventino Rodr\u00edguez CMF als Pfarrer alle Anwesenden willkommen und dankteder Gemeindeverwaltung f\u00fcr die Unterst\u00fctzung und die  f\u00fcr die Durchf\u00fchrung des Projekts zur Verf\u00fcgung gestellten Einrichtungen.<\/p>\n<p>Dann nahm P. Carlom\u00e1n Molina Echeverri CMF, der Gr\u00fcnder und Leiter des Kulturzentrums, Bezug auf die Wichtigkeit des Dialogs zwischen Glauben und Kultur, der aus einer br\u00fcderlichen und respektvollen Offenheit heraus gef\u00fchrt wird, sowie auf die Rolle, die die Kirche im Lauf ihrer Geschichte der Kunst als Mittel zum Ausdruck der h\u00f6chsten Werte des Christentums beigemessen hat. Schlie\u00dflich erkl\u00e4rte Mirtha Claver\u00eda, eine Mitarbeiterin des Kulturzentrum, die Ausstellung f\u00fcr er\u00f6ffnet.<\/p>\n<p>Ein ansehnliches Publikum f\u00fcllte die Eingangshalle des \u201eCine La Maya\u201c, die f\u00fcr diese Gelegenheit zu einer Kunstgalerie geworden ist, und zeigte sich voller Bewunderung angesichts der dreizehn Exponate, die in dieser Ausstellung, wie es sie noch nie gegeben hatte, vorgestellt wurden.<\/p>\n","protected":false},"excerpt":{"rendered":"<p>La Maya, Kuba. Am 16. April hat die Gemeinschaft La Maya etwas noch nie Dagewesenes erlebt: eine Ausstellung religi\u00f6ser Kunst zu Ehren Unserer Lieben Frau von der N\u00e4chstenliebe von El Cobre, der Patronin von Kuba. &nbsp; Die Veranstaltung steht im Rahmen der Feiern des Jubil\u00e4umsjahrs zum 400. Jahrestag der Auffindung des Gnadenbilds und seiner Gegenwart [&hellip;]<\/p>\n","protected":false},"author":1,"featured_media":53322,"comment_status":"closed","ping_status":"closed","sticky":false,"template":"","format":"standard","meta":{"_et_pb_use_builder":"","_et_pb_old_content":"","_et_gb_content_width":"","footnotes":""},"categories":[359,1106],"tags":[],"class_list":["post-53328","post","type-post","status-publish","format-standard","has-post-thumbnail","hentry","category-antillas-de","category-pfarramt"],"jetpack_featured_media_url":"https:\/\/i0.wp.com\/www.claret.org\/wp-content\/uploads\/2019\/07\/LaMaya_Cuba_B.jpg?fit=452%2C239&ssl=1","jetpack_sharing_enabled":true,"jetpack_shortlink":"https:\/\/wp.me\/pdaBmi-dS8","jetpack_likes_enabled":true,"_links":{"self":[{"href":"https:\/\/www.claret.org\/de\/wp-json\/wp\/v2\/posts\/53328","targetHints":{"allow":["GET"]}}],"collection":[{"href":"https:\/\/www.claret.org\/de\/wp-json\/wp\/v2\/posts"}],"about":[{"href":"https:\/\/www.claret.org\/de\/wp-json\/wp\/v2\/types\/post"}],"author":[{"embeddable":true,"href":"https:\/\/www.claret.org\/de\/wp-json\/wp\/v2\/users\/1"}],"replies":[{"embeddable":true,"href":"https:\/\/www.claret.org\/de\/wp-json\/wp\/v2\/comments?post=53328"}],"version-history":[{"count":0,"href":"https:\/\/www.claret.org\/de\/wp-json\/wp\/v2\/posts\/53328\/revisions"}],"wp:featuredmedia":[{"embeddable":true,"href":"https:\/\/www.claret.org\/de\/wp-json\/wp\/v2\/media\/53322"}],"wp:attachment":[{"href":"https:\/\/www.claret.org\/de\/wp-json\/wp\/v2\/media?parent=53328"}],"wp:term":[{"taxonomy":"category","embeddable":true,"href":"https:\/\/www.claret.org\/de\/wp-json\/wp\/v2\/categories?post=53328"},{"taxonomy":"post_tag","embeddable":true,"href":"https:\/\/www.claret.org\/de\/wp-json\/wp\/v2\/tags?post=53328"}],"curies":[{"name":"wp","href":"https:\/\/api.w.org\/{rel}","templated":true}]}}