{"id":53448,"date":"2012-04-12T11:25:05","date_gmt":"2012-04-12T09:25:05","guid":{"rendered":"https:\/\/www.claret.org\/das-schmiedefeuer-im-alltag-fur-laien\/"},"modified":"2012-04-12T11:25:05","modified_gmt":"2012-04-12T09:25:05","slug":"das-schmiedefeuer-im-alltag-fur-laien","status":"publish","type":"post","link":"https:\/\/www.claret.org\/de\/das-schmiedefeuer-im-alltag-fur-laien\/","title":{"rendered":"Das \u201eSchmiedefeuer im Alltag\u201c f\u00fcr Laien"},"content":{"rendered":"<p><strong>Santiago de Chile<\/strong>. Am Samstag, dem 31. M\u00e4rz fanden sich im Kloster Quilvo die Laien-Claretiner aus Linares, Santiago und Curic\u00f3 ein, um den Er\u00f6ffnungseinkehrtag des Projekts \u201eDas Schmiedefeuer im Alltag f\u00fcr Laien\u201c zu erleben.<\/p>\n<p>Den Einkehrtag hielt P. Jos\u00e9 Abarza CMF, der, unterst\u00fctzt vom Laienteam von Curic\u00f3, das Projekt \u201eDas Schmiedefeuer im Alltag\u201c vorstellte, wie es die Claretiner-Missionare erleben.<\/p>\n<p>Mit den geb\u00fchrenden Anpassungen wurden die vier Kernbereiche des Projekts von den Laien vorgeschlagen und angenommen, um sie zu einem Werkzeug f\u00fcr ihr geistliches Wachstum zu machen. Die Kernbereiche sind \u201eQUID PRODEST\u201c, \u201ePATRIS MEI\u201c, \u201eCARISTAS CHRISTI\u201c und \u201eSPIRITUS DOMINI\u201c.<\/p>\n<p>Mit diesem Einkehrtag wurde der erste Abschnitt \u201eQUID PRODEST\u201c er\u00f6ffnet, der Leben und Sendung dieser Laien bis zum Advent 2012 beseelen soll.<\/p>\n","protected":false},"excerpt":{"rendered":"<p>Santiago de Chile. Am Samstag, dem 31. M\u00e4rz fanden sich im Kloster Quilvo die Laien-Claretiner aus Linares, Santiago und Curic\u00f3 ein, um den Er\u00f6ffnungseinkehrtag des Projekts \u201eDas Schmiedefeuer im Alltag f\u00fcr Laien\u201c zu erleben. Den Einkehrtag hielt P. Jos\u00e9 Abarza CMF, der, unterst\u00fctzt vom Laienteam von Curic\u00f3, das Projekt \u201eDas Schmiedefeuer im Alltag\u201c vorstellte, wie [&hellip;]<\/p>\n","protected":false},"author":1,"featured_media":53442,"comment_status":"closed","ping_status":"closed","sticky":false,"template":"","format":"standard","meta":{"_et_pb_use_builder":"","_et_pb_old_content":"","_et_gb_content_width":"","footnotes":""},"categories":[619,392],"tags":[],"class_list":["post-53448","post","type-post","status-publish","format-standard","has-post-thumbnail","hentry","category-die-schmiede","category-san-jose-del-sur-de"],"jetpack_featured_media_url":"https:\/\/i0.wp.com\/www.claret.org\/wp-content\/uploads\/2019\/07\/Seglares_Sur_w.jpg?fit=450%2C338&ssl=1","jetpack_sharing_enabled":true,"jetpack_shortlink":"https:\/\/wp.me\/pdaBmi-dU4","jetpack_likes_enabled":true,"_links":{"self":[{"href":"https:\/\/www.claret.org\/de\/wp-json\/wp\/v2\/posts\/53448","targetHints":{"allow":["GET"]}}],"collection":[{"href":"https:\/\/www.claret.org\/de\/wp-json\/wp\/v2\/posts"}],"about":[{"href":"https:\/\/www.claret.org\/de\/wp-json\/wp\/v2\/types\/post"}],"author":[{"embeddable":true,"href":"https:\/\/www.claret.org\/de\/wp-json\/wp\/v2\/users\/1"}],"replies":[{"embeddable":true,"href":"https:\/\/www.claret.org\/de\/wp-json\/wp\/v2\/comments?post=53448"}],"version-history":[{"count":0,"href":"https:\/\/www.claret.org\/de\/wp-json\/wp\/v2\/posts\/53448\/revisions"}],"wp:featuredmedia":[{"embeddable":true,"href":"https:\/\/www.claret.org\/de\/wp-json\/wp\/v2\/media\/53442"}],"wp:attachment":[{"href":"https:\/\/www.claret.org\/de\/wp-json\/wp\/v2\/media?parent=53448"}],"wp:term":[{"taxonomy":"category","embeddable":true,"href":"https:\/\/www.claret.org\/de\/wp-json\/wp\/v2\/categories?post=53448"},{"taxonomy":"post_tag","embeddable":true,"href":"https:\/\/www.claret.org\/de\/wp-json\/wp\/v2\/tags?post=53448"}],"curies":[{"name":"wp","href":"https:\/\/api.w.org\/{rel}","templated":true}]}}