{"id":53576,"date":"2012-03-26T12:11:26","date_gmt":"2012-03-26T10:11:26","guid":{"rendered":"https:\/\/www.claret.org\/papst-erinnert-in-mexiko-an-die-christkonigsmartyrer\/"},"modified":"2012-03-26T12:11:26","modified_gmt":"2012-03-26T10:11:26","slug":"papst-erinnert-in-mexiko-an-die-christkonigsmartyrer","status":"publish","type":"post","link":"https:\/\/www.claret.org\/de\/papst-erinnert-in-mexiko-an-die-christkonigsmartyrer\/","title":{"rendered":"Papst erinnert in Mexiko an die Christk\u00f6nigsmartyrer"},"content":{"rendered":"<p><strong>Le\u00f3n, Guanajuato<\/strong> (Mexiko). Vom 23. bis 26. M\u00e4rz verbrachte Papst Benedikt XVI. den ersten Abschnitt seiner apostolischen Reise, die ihn nach Lateinamerika und in die Karibik f\u00fchrte, in Mexiko. Zum zweiten Abschnitt wird sich der Papst als \u201ePilger der N\u00e4chstenliebe\u201c nach Kuba begeben.<\/p>\n<p>In Mexiko besuchte der Papst den St\u00e4dte Le\u00f3n, Guanajuato und Silao in der Mitte des Landes. Das Volk und insbesondere die jungen Menschen haben ihm in Massen einen herzlichen Empfang bereitet. H\u00f6hepunkt war die Eucharistiefeier im \u201e200-Jahr-Park\u201c am Fu\u00dfe des Berges \u201eCerro del Cubilete\u201c.<\/p>\n<p>Auf dem Gipfel dieses Berges erhebt sich ein Christk\u00f6nigsdenkmal, das f\u00fcr den mexikanischen Katholizismus sehr symbolgeladen ist, der in den Jahren 1926 bis 1929 eine blutige Verfolgung erlitt. Ebenfalls an dieser Wallfahrtsst\u00e4tte erhebt sich die Kapelle \u201eUnsere Liebe Frau von den guten Wassern\u201c, wo die Reliquien von P. Andr\u00e9s Sol\u00e1 CMF und seiner Gef\u00e4hrten, der Martyrer von San Joaqu\u00edn, verwahrt werden, die 1927 f\u00fcr die Sache Christi, des K\u00f6nigs, ermordet wurden.<\/p>\n<p><img data-recalc-dims=\"1\" loading=\"lazy\" decoding=\"async\" class=\"smartresize alignleft\" src=\"https:\/\/i0.wp.com\/www2.claret.org\/sites\/default\/files\/imagenes\/Noticias\/MartiresanJoaquin_w.jpg?resize=244%2C300\" alt=\"MartiresanJoaquin_w\" width=\"244\" height=\"300\" title=\"\">Der Papst hat diese Martyrer angesprochen, insbesondere bei der Sonntagsmesse am 25. M\u00e4rz. Dabei wandte er sich an alle Christen und Kirchengemeinden in Amerika, die in diesen Jahren den 200. Jahrestag ihrer politischen Unabh\u00e4ngigkeitsbewegungen begehen, und bat sie, der Versuchung eines oberfl\u00e4chlichen und routinem\u00e4\u00dfigen Glaubens zu widerstehen, der manchmal auch bruchst\u00fcckhaft und inkoh\u00e4rent ist.<\/p>\n<p><em>Auch hier muss man die Glaubensm\u00fcdigkeit \u00fcberwinden und \u201edie Freude der Christen wieder gewinnen, dass sie von dem inneren Gl\u00fcck getragen sind, Christus zu kennen und zu seiner Kirche zu geh\u00f6ren. Aus dieser Freude geht auch die Kraft hervor, Christus in bedr\u00fcckenden Situationen des menschlichen Leids zu dienen, sich ihm zur Verf\u00fcgung zu stellen, ohne sich auf das eigene Wohlbefinden zur\u00fcckzuziehen.\u201c Das sehen wir sehr gut an den Heiligen, das sich voll und ganz begeistert und freudig f\u00fcr die Sache des Evangeliums einsetzten, ohne Opfer und selbst das Opfer des eigenen Lebens zu scheuen. Ihr Herz war eine bedingungslose Wette auf Christus, von dem sie gelernt hatten, was es bedeutet, wahrhaft bis zum Ende zu lieben.<\/em><\/p>\n<p>Die Feier schloss mit dem Engel des Herrn. In der vorangehenden Ansprache empfahl er der Muttergottes von Guadalupe alle lateinamerikanischen V\u00f6lker, die Zeiten des Leidens und der Ungewissheit durchleben, und sagte in Anspielung auf die Martyrer: \u201eIn Zeiten der Pr\u00fcfung und des Leidens wurde sie von so vielen Martyrern angerufen, die mit dem Ruf \u201aEs lebe Christus, der K\u00f6nig, und Maria von Guadalupe\u2018 auf den Lippen ein unersch\u00fctterliches Zeugnis der Treue zum Evangelium und des Einsatzes f\u00fcr die Kirche gegeben haben.\u201c<\/p>\n<p><img data-recalc-dims=\"1\" loading=\"lazy\" decoding=\"async\" class=\"smartresize alignleft\" src=\"https:\/\/i0.wp.com\/www2.claret.org\/sites\/default\/files\/imagenes\/Noticias\/Papa_sombrero_mex.jpg?resize=312%2C208\" alt=\"Papa_sombrero_mex\" width=\"312\" height=\"208\" title=\"\">Am Abend des Sonntags ermunterte er die Bisch\u00f6fe von Lateinamerika, die in der Kathedrale von Le\u00f3n zur Vesper versammelt waren, Tr\u00e4ger der Hoffnung zu sein f\u00fcr ihre V\u00f6lker, die von Kriminalit\u00e4t, Gewalt und Ungerechtigkeit verletzt sind. Er bat sie:<br \/>\n<em>Stehen Sie an der Seite derer, die durch die Gewalt, die Macht oder den Reichtum derer an den Rand gedr\u00e4ngt werden, die diejenigen ignorieren, denen es an fast allem fehlt. Die Kirche darf das Gotteslob nicht vom Dienst an den Menschen trennen. Einzig Gott, der Vater und Sch\u00f6pfer, hat uns zu Br\u00fcdern und Schwestern gemacht. Mensch sein hei\u00dft Bruder und H\u00fcter des N\u00e4chsten zu sein.<\/em><\/p>\n","protected":false},"excerpt":{"rendered":"<p>Le\u00f3n, Guanajuato (Mexiko). Vom 23. bis 26. M\u00e4rz verbrachte Papst Benedikt XVI. den ersten Abschnitt seiner apostolischen Reise, die ihn nach Lateinamerika und in die Karibik f\u00fchrte, in Mexiko. Zum zweiten Abschnitt wird sich der Papst als \u201ePilger der N\u00e4chstenliebe\u201c nach Kuba begeben. In Mexiko besuchte der Papst den St\u00e4dte Le\u00f3n, Guanajuato und Silao in [&hellip;]<\/p>\n","protected":false},"author":1,"featured_media":53570,"comment_status":"closed","ping_status":"closed","sticky":false,"template":"","format":"standard","meta":{"_et_pb_use_builder":"","_et_pb_old_content":"","_et_gb_content_width":"","footnotes":""},"categories":[268,382],"tags":[],"class_list":["post-53576","post","type-post","status-publish","format-standard","has-post-thumbnail","hentry","category-andres-sola-de","category-mexico-de"],"jetpack_featured_media_url":"https:\/\/i0.wp.com\/www.claret.org\/wp-content\/uploads\/2019\/07\/BenedictoXVMex_3.jpg?fit=371%2C249&ssl=1","jetpack_sharing_enabled":true,"jetpack_shortlink":"https:\/\/wp.me\/pdaBmi-dW8","jetpack_likes_enabled":true,"_links":{"self":[{"href":"https:\/\/www.claret.org\/de\/wp-json\/wp\/v2\/posts\/53576","targetHints":{"allow":["GET"]}}],"collection":[{"href":"https:\/\/www.claret.org\/de\/wp-json\/wp\/v2\/posts"}],"about":[{"href":"https:\/\/www.claret.org\/de\/wp-json\/wp\/v2\/types\/post"}],"author":[{"embeddable":true,"href":"https:\/\/www.claret.org\/de\/wp-json\/wp\/v2\/users\/1"}],"replies":[{"embeddable":true,"href":"https:\/\/www.claret.org\/de\/wp-json\/wp\/v2\/comments?post=53576"}],"version-history":[{"count":0,"href":"https:\/\/www.claret.org\/de\/wp-json\/wp\/v2\/posts\/53576\/revisions"}],"wp:featuredmedia":[{"embeddable":true,"href":"https:\/\/www.claret.org\/de\/wp-json\/wp\/v2\/media\/53570"}],"wp:attachment":[{"href":"https:\/\/www.claret.org\/de\/wp-json\/wp\/v2\/media?parent=53576"}],"wp:term":[{"taxonomy":"category","embeddable":true,"href":"https:\/\/www.claret.org\/de\/wp-json\/wp\/v2\/categories?post=53576"},{"taxonomy":"post_tag","embeddable":true,"href":"https:\/\/www.claret.org\/de\/wp-json\/wp\/v2\/tags?post=53576"}],"curies":[{"name":"wp","href":"https:\/\/api.w.org\/{rel}","templated":true}]}}