{"id":54416,"date":"2012-01-09T12:51:26","date_gmt":"2012-01-09T11:51:26","guid":{"rendered":"https:\/\/www.claret.org\/zweite-woche-des-ordenslebens-in-indonesien-und-ost-timor\/"},"modified":"2012-01-09T12:51:26","modified_gmt":"2012-01-09T11:51:26","slug":"zweite-woche-des-ordenslebens-in-indonesien-und-ost-timor","status":"publish","type":"post","link":"https:\/\/www.claret.org\/de\/zweite-woche-des-ordenslebens-in-indonesien-und-ost-timor\/","title":{"rendered":"Zweite Woche des Ordenslebens in Indonesien und Ost-Timor"},"content":{"rendered":"<p><strong>Kupang, Indonesien<\/strong>. Die Claretiner-Missionare von Indonesien\/Ost-Timor haben zum zweiten Mal Tagungen f\u00fcr das Ordensleben zum Thema Ausbildung veranstaltet. Konkret fanden die Tagungen vom 28. bis 30. Dezember 2011 in Kupang und vom 7. bis 9. Januar 2012 in Dili (Ost-Timor) statt.<\/p>\n<div><\/div>\n<p>F\u00fcr diese Tagungen n\u00fctzte man den Besuch von P. Mathew Vattamattan CMF in den Gemeinschaften dieser Delegation. Neben dem Hauptreferenten bereicherten weitere Fachleute, Claretiner, Priester und Ordensleute die Reflexion dar\u00fcber, wie man heute in unserem Kontext ausbilden soll, um Ordensleute mit einem mystischen und prophetischen Zuschnitt zu werden. Die Teilnahme war sehr gut, was denken l\u00e4sst, dass diese Initiative sich mit der Zeit konsolidiert.<\/p>\n<p>Die Delegationsleitung will allen danken, die an der Organisation beteiligt waren, und insbesondere P. Mathew f\u00fcr seinen gro\u00dfz\u00fcgigen Beitrag mit diesem spezifischen Dienst f\u00fcr das Ordensleben in diesen L\u00e4ndern.<\/p>\n","protected":false},"excerpt":{"rendered":"<p>Kupang, Indonesien. Die Claretiner-Missionare von Indonesien\/Ost-Timor haben zum zweiten Mal Tagungen f\u00fcr das Ordensleben zum Thema Ausbildung veranstaltet. Konkret fanden die Tagungen vom 28. bis 30. Dezember 2011 in Kupang und vom 7. bis 9. Januar 2012 in Dili (Ost-Timor) statt. F\u00fcr diese Tagungen n\u00fctzte man den Besuch von P. Mathew Vattamattan CMF in den [&hellip;]<\/p>\n","protected":false},"author":1,"featured_media":54409,"comment_status":"closed","ping_status":"closed","sticky":false,"template":"","format":"standard","meta":{"_et_pb_use_builder":"","_et_pb_old_content":"","_et_gb_content_width":"","footnotes":""},"categories":[202,420],"tags":[],"class_list":["post-54416","post","type-post","status-publish","format-standard","has-post-thumbnail","hentry","category-ave-maria-de","category-geweihtes-leben"],"jetpack_featured_media_url":"https:\/\/i0.wp.com\/www.claret.org\/wp-content\/uploads\/2019\/07\/Kupang_SVR_12.jpg?fit=450%2C208&ssl=1","jetpack_sharing_enabled":true,"jetpack_shortlink":"https:\/\/wp.me\/pdaBmi-e9G","jetpack_likes_enabled":true,"_links":{"self":[{"href":"https:\/\/www.claret.org\/de\/wp-json\/wp\/v2\/posts\/54416","targetHints":{"allow":["GET"]}}],"collection":[{"href":"https:\/\/www.claret.org\/de\/wp-json\/wp\/v2\/posts"}],"about":[{"href":"https:\/\/www.claret.org\/de\/wp-json\/wp\/v2\/types\/post"}],"author":[{"embeddable":true,"href":"https:\/\/www.claret.org\/de\/wp-json\/wp\/v2\/users\/1"}],"replies":[{"embeddable":true,"href":"https:\/\/www.claret.org\/de\/wp-json\/wp\/v2\/comments?post=54416"}],"version-history":[{"count":0,"href":"https:\/\/www.claret.org\/de\/wp-json\/wp\/v2\/posts\/54416\/revisions"}],"wp:featuredmedia":[{"embeddable":true,"href":"https:\/\/www.claret.org\/de\/wp-json\/wp\/v2\/media\/54409"}],"wp:attachment":[{"href":"https:\/\/www.claret.org\/de\/wp-json\/wp\/v2\/media?parent=54416"}],"wp:term":[{"taxonomy":"category","embeddable":true,"href":"https:\/\/www.claret.org\/de\/wp-json\/wp\/v2\/categories?post=54416"},{"taxonomy":"post_tag","embeddable":true,"href":"https:\/\/www.claret.org\/de\/wp-json\/wp\/v2\/tags?post=54416"}],"curies":[{"name":"wp","href":"https:\/\/api.w.org\/{rel}","templated":true}]}}