{"id":54559,"date":"2011-12-17T16:13:06","date_gmt":"2011-12-17T15:13:06","guid":{"rendered":"https:\/\/www.claret.org\/37-ordenslebenskongress-des-claretianums\/"},"modified":"2011-12-17T16:13:06","modified_gmt":"2011-12-17T15:13:06","slug":"37-ordenslebenskongress-des-claretianums","status":"publish","type":"post","link":"https:\/\/www.claret.org\/de\/37-ordenslebenskongress-des-claretianums\/","title":{"rendered":"37. Ordenslebenskongress des Claretianums"},"content":{"rendered":"<p><strong>Rom.<\/strong> Vom 13. bis 16. Dezember lief im Audimax der Urbaniana-Universit\u00e4t in Rom der 37. Kongress \u00fcber das Ordensleben, den das Institut f\u00fcr das Ordensleben \u201eClaretianum\u201c veranstaltete.<\/p>\n<p>Das zentrale Thema wurde in diesem Jahr wie folgt formuliert: \u201eEine Zukunft f\u00fcr das Ordensleben: Hat es noch einen Sinn, sich Gott zu weihen?\u201c<\/p>\n<p>Es nahmen an die 500 Personen teil, und zwar Ordensleute und Interessierte an einer Reflexion \u00fcber das derzeitige Geschehen und die derzeitigen Herausforderungen, die sich dem Ordensleben stellen.<\/p>\n<p>Der Kongress wurde am Nachmittag des Dienstags, 13. Dezember in Anwesenheit von Kardinal Rino Fischelle, dem Vorsitzenden des vor kurzem Geschaffenen Rates f\u00fcr die F\u00f6rderung der \u201eNeuevanglisierung\u201c. Der Kardinal bewertete den Beitrag des Ordenslebens an den Schl\u00fcsselmomenten der Kirchengeschichte positiv.<\/p>\n<p>Die \u201eRelationen\u201c, die w\u00e4hrend des Kongresses vorgestellt wurden, waren:<\/p>\n<p>\u201eNiedergang und Wiedergeburt der Ordensgemeinschaften: eine Lehre aus der Geschichte\u201c, vorgetragen von Prof. Arturo Pinacho CMF<\/p>\n<p>\u201eDie Zukunft ist jetzt\u201c, von den SchwesternGiselle G\u00f3mez, Generalr\u00e4tin der Gesellschaft der heiligen Theresia, und Antonietta Potente, Theologin des Predigerordens<\/p>\n<p>\u201eSchaut auf die Zukunft: Warum es noch Sinn hat, sich Gott zu weihen\u201c, von Dr. Amedeo Cencini<\/p>\n<p>\u201eDie Interkongregationalit\u00e4t und das missionarische Zusammenwirken mit Laien, Quelle des Lebens und der Zukunft\u201c. von Dr. Rino Cozza, Bischofsvikar f\u00fcr das Ordensleben in der Di\u00f6zese Trient, und Paola Bignardi, fr\u00fchere Vorsitzende der Katholischen Aktion Italien<\/p>\n<p>\u201eDie \u201acharismatische ars moriendi\u2018 und die \u201aautopoietische F\u00e4higkeit des Charismas\u2018: eine intelligente \u201aLeadership\u2018 f\u00fcr die Herausforderungen unserer Zeit\u201c, von Prof. Jos\u00e9 Cristo Rey Garc\u00eda Paredes CMF;<\/p>\n<p>\u201eNeue Gemeinschaften, Vereinigungen, Zusammenschl\u00fcsse, Aufl\u00f6sungen und \u201aneue Formen\u2018\u201c, von Prof. Giancarlo Rocca<\/p>\n<p>Am letzten Tag wurden au\u00dferdem einige \u201eErfahrungen der Wiedergeburt\u201c einiger Ordensgemeinschaften vorgetragen.<\/p>\n<p>Der Kongress war ein voller Erfolg und stellte f\u00fcr die Ordensgemeinschaften eine gro\u00dfe Herausforderung dar: die Herausforderung, zu lernen, die Gegenwart in Lebenskraft und Hoffnung zu leben angesichts der vielen Zeichen, mit denen Gott ihn ihnen weiterhin die Spuren seines Vor\u00fcbergangs und des Wirkens seines Geistes hinterl\u00e4sst.<\/p>\n","protected":false},"excerpt":{"rendered":"<p>Rom. Vom 13. bis 16. Dezember lief im Audimax der Urbaniana-Universit\u00e4t in Rom der 37. Kongress \u00fcber das Ordensleben, den das Institut f\u00fcr das Ordensleben \u201eClaretianum\u201c veranstaltete. Das zentrale Thema wurde in diesem Jahr wie folgt formuliert: \u201eEine Zukunft f\u00fcr das Ordensleben: Hat es noch einen Sinn, sich Gott zu weihen?\u201c Es nahmen an die [&hellip;]<\/p>\n","protected":false},"author":1,"featured_media":54553,"comment_status":"closed","ping_status":"closed","sticky":false,"template":"","format":"standard","meta":{"_et_pb_use_builder":"","_et_pb_old_content":"","_et_gb_content_width":"","footnotes":""},"categories":[520,420,425],"tags":[],"class_list":["post-54559","post","type-post","status-publish","format-standard","has-post-thumbnail","hentry","category-generalgouvernement","category-geweihtes-leben","category-padagogische-pastoral"],"jetpack_featured_media_url":"https:\/\/i0.wp.com\/www.claret.org\/wp-content\/uploads\/2019\/07\/Convegno_1.jpg?fit=450%2C300&ssl=1","jetpack_sharing_enabled":true,"jetpack_shortlink":"https:\/\/wp.me\/pdaBmi-ebZ","jetpack_likes_enabled":true,"_links":{"self":[{"href":"https:\/\/www.claret.org\/de\/wp-json\/wp\/v2\/posts\/54559","targetHints":{"allow":["GET"]}}],"collection":[{"href":"https:\/\/www.claret.org\/de\/wp-json\/wp\/v2\/posts"}],"about":[{"href":"https:\/\/www.claret.org\/de\/wp-json\/wp\/v2\/types\/post"}],"author":[{"embeddable":true,"href":"https:\/\/www.claret.org\/de\/wp-json\/wp\/v2\/users\/1"}],"replies":[{"embeddable":true,"href":"https:\/\/www.claret.org\/de\/wp-json\/wp\/v2\/comments?post=54559"}],"version-history":[{"count":0,"href":"https:\/\/www.claret.org\/de\/wp-json\/wp\/v2\/posts\/54559\/revisions"}],"wp:featuredmedia":[{"embeddable":true,"href":"https:\/\/www.claret.org\/de\/wp-json\/wp\/v2\/media\/54553"}],"wp:attachment":[{"href":"https:\/\/www.claret.org\/de\/wp-json\/wp\/v2\/media?parent=54559"}],"wp:term":[{"taxonomy":"category","embeddable":true,"href":"https:\/\/www.claret.org\/de\/wp-json\/wp\/v2\/categories?post=54559"},{"taxonomy":"post_tag","embeddable":true,"href":"https:\/\/www.claret.org\/de\/wp-json\/wp\/v2\/tags?post=54559"}],"curies":[{"name":"wp","href":"https:\/\/api.w.org\/{rel}","templated":true}]}}