{"id":54626,"date":"2011-12-04T16:45:32","date_gmt":"2011-12-04T15:45:32","guid":{"rendered":"https:\/\/www.claret.org\/kunst-fur-das-leben\/"},"modified":"2011-12-04T16:45:32","modified_gmt":"2011-12-04T15:45:32","slug":"kunst-fur-das-leben","status":"publish","type":"post","link":"https:\/\/www.claret.org\/de\/kunst-fur-das-leben\/","title":{"rendered":"Kunst f\u00fcr das Leben"},"content":{"rendered":"<div class=\"field field-name-body field-type-text-with-summary field-label-hidden\">\n<div class=\"field-items\">\n<div class=\"field-item even\">\n<p><strong>M\u00e9xico City. <\/strong><i>Anna<\/i> ist Mitglied einer deutschen Gruppe, die die Gemeinden der Tlapaneco-Indios der Mission Xichitepec im Bundesstaat Guerrero (Mexiko) unterst\u00fctzt.<\/p>\n<p>Sie ist Malerin und hat sich vorgenommen, sowohl den Indio-Frauen als auch den \u201eNIEV\u201c (Ni\u00f1os con Ilusi\u00f3n y Esperanza de Vivir = Kinder mit Tr\u00e4umen und Hoffnung auf Leben), einer Vereinigung, die sich um drogenabh\u00e4ngige Kinder in Mexiko City k\u00fcmmert. Beide Werke stehen in der Tr\u00e4gerschaft der Claretiner-Missionare.<\/p>\n<div>Durch besondere Originalit\u00e4t zeichnete sich ein Vorschlag in Bezug auf Kunst und Leben aus. Sie bat die Jugendlichen und Kinder der Indios und der Vereinigung NIEV, einige Szenen aus ihrem Alltag zu malen und sie ihr zu schicken, um sie in Deutschland bekannt zu machen.<\/div>\n<p>Der Vorschlag war ein voller Erfolg. F\u00fcr die Kinder und Jugendlichen hat er als eine interessante Therapie gedient, und gleichzeitig konnten sie ihre Gef\u00fchle k\u00fcnstlerisch ausdr\u00fccken. Damit gelang eine betr\u00e4chtliche Verbreitung, und sie erhielten wirtschaftliche Unterst\u00fctzung f\u00fcr Projekte zu ihrer Entwicklung.<\/p>\n<p>Anna f\u00fchlte sich ihrerseits durch diese Bilder ebenfalls ber\u00fchrt. In einem Brief an die jungen K\u00fcnstler teilt sie ihnen ihre eigenen Gef\u00fchle mit:<\/p>\n<p>\u201eAls ich vor einem Jahr das Paket aus Mexiko mit ihren Zeichnungen erhielt, wusste ich nicht, dass das ein sehr wichtiger Tag in meinem Leben sein w\u00fcrde. Wir sprechen verschiedenen Sprachen, aber mehr als Worte haben eure Malereien und traurigen und frohen Tagen gesprochen. Ihr sprecht darin von Schmerz, Trauer und Angst, aber auch von Hoffnung, Freude und Vertrauen.<\/p>\n<p>Mit all dem habt ihr mein Herz ber\u00fchrt und mir Kraft gegeben.<\/p>\n<p>Am 4. November 2010 starb einer meiner S\u00f6hne als Folge von Drogen. Obwohl er einen Vater und eine Mutter hatte, die ihn liebten und unterst\u00fctzten, hatte er nicht die Kraft, von der Drogensucht loszukommen. Er hatte Menschen, die ihm sehr nahe standen und ihm helfen wollten, er hatte einen Beruf und ein Haus, er hatte \u00c4rzte und Therapeuten; aber er war zu schwach f\u00fcr ein Leben ohne Drogen.<\/p>\n<p>Ich wei\u00df, dass viele von euch von den anderen im Stich gelassen wurden, und doch habt ihr jetzt einen guten Weg eingeschlagen. Ich wei\u00df, wie schwierig dieser Schritt ist und dass man dazu viel St\u00e4rke, Mut und Kraft braucht. Deshalb ist es f\u00fcr mich so wichtig, euch zu sagen, dass ich mit viel Symtathie, Achtung und Bewunderung an euch denke. Eure Bilder geben mir Trost und Vertrauen. Ich danke euch von Herzen daf\u00fcr und werde sie wie einen Schatz verwahren (\u2026)<\/p>\n<p>Gleichzeitig nutze ich die Gelegenheit, um euch auch zwei Bilder zu schicken. Ich habe sie gemalt, als ich sehr verzweifelt und traurig war. Doch trotz allem habe ich die Hoffnung nicht aufgegeben und bin dankbar f\u00fcr das Leben und f\u00fcr die drei Kinder, die ich noch habe (\u2026)\u201c<\/p>\n<p><img data-recalc-dims=\"1\" loading=\"lazy\" decoding=\"async\" class=\"smartresize alignright\" src=\"https:\/\/i0.wp.com\/www2.claret.org\/sites\/default\/files\/imagenes\/Noticias\/Anna_2.jpg?resize=350%2C245\" alt=\"Anna_2\" width=\"350\" height=\"245\" title=\"\">Das erste Bild tr\u00e4gt den Titel: <i>Anna verzweifelt und traurig,<\/i> und das zweite stellt ihre Familie dar. Unter ihren vier Kindern befindet sich hinten im Schatten auch der Sohn, der als Drogenopfer starb.<\/p>\n<\/div>\n<\/div>\n<\/div>\n","protected":false},"excerpt":{"rendered":"<p>M\u00e9xico City. Anna ist Mitglied einer deutschen Gruppe, die die Gemeinden der Tlapaneco-Indios der Mission Xichitepec im Bundesstaat Guerrero (Mexiko) unterst\u00fctzt. Sie ist Malerin und hat sich vorgenommen, sowohl den Indio-Frauen als auch den \u201eNIEV\u201c (Ni\u00f1os con Ilusi\u00f3n y Esperanza de Vivir = Kinder mit Tr\u00e4umen und Hoffnung auf Leben), einer Vereinigung, die sich um [&hellip;]<\/p>\n","protected":false},"author":1,"featured_media":54620,"comment_status":"closed","ping_status":"closed","sticky":false,"template":"","format":"standard","meta":{"_et_pb_use_builder":"","_et_pb_old_content":"","_et_gb_content_width":"","footnotes":""},"categories":[382,1424],"tags":[],"class_list":["post-54626","post","type-post","status-publish","format-standard","has-post-thumbnail","hentry","category-mexico-de","category-urbevoelkerung"],"jetpack_featured_media_url":"https:\/\/i0.wp.com\/www.claret.org\/wp-content\/uploads\/2019\/07\/Anna_1.jpg?fit=350%2C290&ssl=1","jetpack_sharing_enabled":true,"jetpack_shortlink":"https:\/\/wp.me\/pdaBmi-ed4","jetpack_likes_enabled":true,"_links":{"self":[{"href":"https:\/\/www.claret.org\/de\/wp-json\/wp\/v2\/posts\/54626","targetHints":{"allow":["GET"]}}],"collection":[{"href":"https:\/\/www.claret.org\/de\/wp-json\/wp\/v2\/posts"}],"about":[{"href":"https:\/\/www.claret.org\/de\/wp-json\/wp\/v2\/types\/post"}],"author":[{"embeddable":true,"href":"https:\/\/www.claret.org\/de\/wp-json\/wp\/v2\/users\/1"}],"replies":[{"embeddable":true,"href":"https:\/\/www.claret.org\/de\/wp-json\/wp\/v2\/comments?post=54626"}],"version-history":[{"count":0,"href":"https:\/\/www.claret.org\/de\/wp-json\/wp\/v2\/posts\/54626\/revisions"}],"wp:featuredmedia":[{"embeddable":true,"href":"https:\/\/www.claret.org\/de\/wp-json\/wp\/v2\/media\/54620"}],"wp:attachment":[{"href":"https:\/\/www.claret.org\/de\/wp-json\/wp\/v2\/media?parent=54626"}],"wp:term":[{"taxonomy":"category","embeddable":true,"href":"https:\/\/www.claret.org\/de\/wp-json\/wp\/v2\/categories?post=54626"},{"taxonomy":"post_tag","embeddable":true,"href":"https:\/\/www.claret.org\/de\/wp-json\/wp\/v2\/tags?post=54626"}],"curies":[{"name":"wp","href":"https:\/\/api.w.org\/{rel}","templated":true}]}}