{"id":54692,"date":"2011-11-29T17:19:13","date_gmt":"2011-11-29T16:19:13","guid":{"rendered":"https:\/\/www.claret.org\/das-treffen-der-generalleitung-mit-den-hoheren-oberen-von-europa\/"},"modified":"2011-11-29T17:19:13","modified_gmt":"2011-11-29T16:19:13","slug":"das-treffen-der-generalleitung-mit-den-hoheren-oberen-von-europa","status":"publish","type":"post","link":"https:\/\/www.claret.org\/de\/das-treffen-der-generalleitung-mit-den-hoheren-oberen-von-europa\/","title":{"rendered":"Das Treffen der Generalleitung mit den h\u00f6heren Oberen von Europa"},"content":{"rendered":"<p><strong>Krzylina Ma?a(Polen). <\/strong>Heute Morgen hat in Krzydlina Ma?a(Polen) das Treffen zwischen der Generalleitung und den h\u00f6heren Oberen von Europa begonnen. Es dauert bis zum 2. Dezember.<\/p>\n<div><\/div>\n<div><\/div>\n<div><\/div>\n<p>Teilnehmer sind P. General P.Josep Ma. Abella, Generalvikar P. Paul Smyth, der Generalpr\u00e4fekt f\u00fcr das Apostolat  P. Miguel \u00c1ngel Velasco und der Generalsekret\u00e4r P. Jos\u00e9-F\u00e9lix Valderr\u00e1bano.<\/p>\n<p>Von seiten der h\u00f6heren Organismen von Europa nehmen die h\u00f6heren Oberen und ein Mitglied ihres Rates teil. Anwesend sind die Vertreter von Betica P. F\u00e9lix Mart\u00ednez mit seinem Vikar und Apostolatspr\u00e4fekten P. Antonio Vencesl\u00e1; von Katalonien P. M\u00e1xim Mu\u00f1oz und der Apostolatspr\u00e4fekt P. Josep Roca; von Deutschland P. Provinzial Stefan  und Provinzsekret\u00e4r P. Wolfgang Deiminger; aus der Baskischen Provinz P. Provinzial Joseba Kamiruaga und der Proovinz\u00f6konom P. Rafael G\u00f3mez; von Frankreich der h\u00f6here Obere P. Gildard Valencia und der Vikar und Apostolatspr\u00e4fekt P. Raymundo Adormeo; von Italien der h\u00f6here Obere P. Franco Incampo und der Apostoaltspr\u00e4fekt P. Renato Caprioli; von Polen P. Provinzial Krzysztof Gierat und der Pr\u00e4fekt f\u00fcr die Ausbildung P. Robert Kycia; von Portugal P. Provinzial Artur Teixeira mit dem Apostolatspr\u00e4fekten P. Carlos Candeias; von der St. Jakobs-Provinz P. Provinzial Manuel Tamargo  und sein Vikar und Pr\u00e4fekt f\u00fcr die Spiritualit\u00e4t P. Angel de las Heras; von Gro\u00dfbritannien\/Irland der h\u00f6here Obere P. Chris Newman und Konsultor P. \u00c1ngel Ochagav\u00eda.<\/p>\n<p>Das Treffen begann mit der Feier von Laudes und Eucharistie, die von der Generealleitung und der Delegation Gro\u00dfbritannien\/Irland vorbereitet war. Hauptzelebrant war P. General.<\/p>\n<p>In seiner Er\u00f6ffnungsansprache brachte P. General seinen Wunsch zum Ausdruck, diese Tage m\u00f6gen Tage des freudigen Erlebens unserer claretinischen Br\u00fcderlichkeit und eine Zeit fruchtbarer Entscheidungsfindung \u00fcber unsere missionarische Pr\u00e4senz in Europa sein. Er nahm Bezug auf den Auftrag des Kapitels, von dem sich niemand ausschlie\u00dfen kann, und auf die Antwort, die wir als Missionare kurz- oder mittelfristig auf die Lage in Europa geben m\u00fcssen. Als Ziele dieser Zusammenkunft bezeichnete er es, ein Bewusstsein daf\u00fcr yu schaffen, dass wir Mitglieder der Kongregation in Europa sind, dass wir uns die Frage nach unserer Zukunft auf dem Kontinent stellen und sehen, wohin und wir wir vorangehen wollen.<\/p>\n<p>F\u00fcr uns ist es wichtig, dass wir ein Organisationsmodell haben, das uns erlaubt, unseren Dienst in Europa mit den n\u00f6tigen Mitteln Festigkeit unserer Gemeinschaften, gemeinschaftliche Dynamik usw.) yu entfalten, dass wir eine Reflexion vornehmen, die uns hilft, die Lage Europas und unsere Pr\u00e4senz darin zu erkennen. Sehr wichtig ist, dass wir die Entscheidungen gemeinsam treffen und umsetzen. Man wird bereits Studenten aus anderen Teilen der Welt in unsere Hochschulen und in manche Organismen versetzen m\u00fcssen. Dazu muss man eine Haltung der Offenheit haben ohne Vorurteile gegen\u00fcber anderen.<\/p>\n<p>Nach einem Meinungsaustausch und Klarstellungen begannen die h\u00f6heren Oberen, den eigenen Organismus vorzustellen und die Fragen zu beantworten, die ihnen die Organisationskommission zuvor gestellt hatte.. (<a href=\"http:\/\/www2.claret.org\/de\/nachrichten\/29-11-2011\/index.php?option=com_rsgallery2&amp;page=inline&amp;id=1103&amp;Itemid=100262&amp;lang=de\" rel=\"nofollow noopener\" target=\"_blank\">Fotos<\/a>)<\/p>\n","protected":false},"excerpt":{"rendered":"<p>Krzylina Ma?a(Polen). Heute Morgen hat in Krzydlina Ma?a(Polen) das Treffen zwischen der Generalleitung und den h\u00f6heren Oberen von Europa begonnen. Es dauert bis zum 2. Dezember. Teilnehmer sind P. General P.Josep Ma. Abella, Generalvikar P. Paul Smyth, der Generalpr\u00e4fekt f\u00fcr das Apostolat P. Miguel \u00c1ngel Velasco und der Generalsekret\u00e4r P. Jos\u00e9-F\u00e9lix Valderr\u00e1bano. Von seiten der [&hellip;]<\/p>\n","protected":false},"author":1,"featured_media":54686,"comment_status":"closed","ping_status":"closed","sticky":false,"template":"","format":"standard","meta":{"_et_pb_use_builder":"","_et_pb_old_content":"","_et_gb_content_width":"","footnotes":""},"categories":[520,334],"tags":[],"class_list":["post-54692","post","type-post","status-publish","format-standard","has-post-thumbnail","hentry","category-generalgouvernement","category-polska-de"],"jetpack_featured_media_url":"https:\/\/i0.wp.com\/www.claret.org\/wp-content\/uploads\/2019\/07\/Sala_05.jpg?fit=450%2C337&ssl=1","jetpack_sharing_enabled":true,"jetpack_shortlink":"https:\/\/wp.me\/pdaBmi-ee8","jetpack_likes_enabled":true,"_links":{"self":[{"href":"https:\/\/www.claret.org\/de\/wp-json\/wp\/v2\/posts\/54692","targetHints":{"allow":["GET"]}}],"collection":[{"href":"https:\/\/www.claret.org\/de\/wp-json\/wp\/v2\/posts"}],"about":[{"href":"https:\/\/www.claret.org\/de\/wp-json\/wp\/v2\/types\/post"}],"author":[{"embeddable":true,"href":"https:\/\/www.claret.org\/de\/wp-json\/wp\/v2\/users\/1"}],"replies":[{"embeddable":true,"href":"https:\/\/www.claret.org\/de\/wp-json\/wp\/v2\/comments?post=54692"}],"version-history":[{"count":0,"href":"https:\/\/www.claret.org\/de\/wp-json\/wp\/v2\/posts\/54692\/revisions"}],"wp:featuredmedia":[{"embeddable":true,"href":"https:\/\/www.claret.org\/de\/wp-json\/wp\/v2\/media\/54686"}],"wp:attachment":[{"href":"https:\/\/www.claret.org\/de\/wp-json\/wp\/v2\/media?parent=54692"}],"wp:term":[{"taxonomy":"category","embeddable":true,"href":"https:\/\/www.claret.org\/de\/wp-json\/wp\/v2\/categories?post=54692"},{"taxonomy":"post_tag","embeddable":true,"href":"https:\/\/www.claret.org\/de\/wp-json\/wp\/v2\/tags?post=54692"}],"curies":[{"name":"wp","href":"https:\/\/api.w.org\/{rel}","templated":true}]}}