{"id":54718,"date":"2012-11-28T17:30:10","date_gmt":"2012-11-28T16:30:10","guid":{"rendered":"https:\/\/www.claret.org\/die-martyrer-von-spanien-ein-mahnmal-offnet-fur-vergebung-und-versohnung\/"},"modified":"2012-11-28T17:30:10","modified_gmt":"2012-11-28T16:30:10","slug":"die-martyrer-von-spanien-ein-mahnmal-offnet-fur-vergebung-und-versohnung","status":"publish","type":"post","link":"https:\/\/www.claret.org\/de\/die-martyrer-von-spanien-ein-mahnmal-offnet-fur-vergebung-und-versohnung\/","title":{"rendered":"Die Martyrer von Spanien: Ein Mahnmal \u00f6ffnet f\u00fcr Vergebung und Vers\u00f6hnung"},"content":{"rendered":"<p><strong>Madrid, Spanien.<\/strong> Nach dem Abschluss der Feiern zum 75. Jahrestag der seligen Martyrer von Barbastro, erl\u00f6scht die Erinnerung an die J\u00fcnger Christi, die wegen ihres Glaubens ermordet wurden, im zeitgen\u00f6ssischen Spanien nicht. Am Sonntag, dem 27. November wird auf dem Friedhof von Paracuellos de Jarama in der N\u00e4he von Madrid eine Eucharistiefeier stattfinden, mit der die Di\u00f6zese Alcal\u00e1 de Henares die Feiern zum 75. Jahrestag der dort begrabenen Martyrer er\u00f6ffnet.<\/p>\n<p>Man hat diesen Friedhof als den Ort der Welt beschrieben, an dem am meisten Christen ihr Leben f\u00fcr den Glauben hingegeben haben. Dort wurden mehrere Tausend Menschen erschossen und in vorher ausgehobene Massengr\u00e4ber geworfen. Ein hoher Prozentsatz von ihnen ging nicht f\u00fcr ihre Ideen oder ihre politische Richtung in den Tod, sondern weil sie Priester, Ordensleute oder aktive Christen waren. Fast 120 von ihnen sind bereits seliggesprochzen; f\u00fcnfzehn Oblaten von der unbefleckten Maria werden es im kommenden Monat. Neben den dort Erschossenen nimmt der Friedhof weitere Tausende Ermordete auf, die aus anderen Massengr\u00e4bern in Madrid und Umgebung dorthin verlegt wurde.<\/p>\n<div><\/div>\n<p><strong>Eine Claretinergruppe<\/strong><\/p>\n<p>Paracuellos hat eine besondere Bedeutung f\u00fcr die Claretiner-Missionare. Dort ruhen die sterblichen \u00dcberreste von mindestens sechs Missionare, n\u00e4mlich vier Patres und zwei Br\u00fcder. Sie waren \u00e4lter als die Martyrer von Barbastro oder Fern\u00e1n Caballero, und ihr Dienst und ihr Leben hatten bereits viele spanische Katholiken beeindruckt. F\u00fcnf geh\u00f6rten zur Gemeinschaft \u201eBuen Suceso\u201c, die damals f\u00fcr eine ganze Anzahl von verlegerischen Aufgaben und f\u00fcr die Betreuung der Herz-Marien-Kirche zust\u00e4ndig war. Von den zw\u00f6lf Martyrern dieser Gemeinschaft wurden f\u00fcnf in Paracuellos hingerichtet: Br. Casimiro Oroz Idoate (42 Jahre) und die Patres Juan Echevarr\u00eda Maurolagoitia (50), Juan Manuel Fern\u00e1ndez Gonzalo (40), Juan Iruarr\u00edzaga Aguirre (38) und Jos\u00e9 Joaqu\u00edn Portero Mart\u00edn (34). Es gibt Zeugen, die Anlass zu der Vermutung geben, dass der Friedhof auch die sterblichen \u00dcberreste von Br. Hilario Go\u00f1i Asperr\u00e9n (49 Jahre) beherbergt, der von Don Benito nach Madrid geschickt worden war, weil man annahm, dort w\u00e4ren die Ordensleute besser gesch\u00fctzt. Die Bruderschaft, die den Friedhof pflegt, eine \u00f6ffentliche Vereinigung von Gl\u00e4ubigen, z\u00e4hlt ihn auch zu den dort Begrabenen.<\/p>\n<p><strong>Eine bewahrte Erinnerung<\/strong><\/p>\n<p>Die Kongregation wei\u00df heute viel mehr \u00fcber das Leben und das Martyrium dieser Missionare als vor zwanzig Jahren. Der m\u00fchevolle Einsatz von P. Ernesto Barea Amorena CMF, der Jahre auf Nachforschungen \u00fcber sie verwendete, l\u00e4sst uns die Geschehnisse in allen Einzelheiten wissen. Ermuntert durch all die Entdeckungen, stellte die Gemeinschaft Buen Suceso am 25. April 2004 ein Kreuz auf, das mitten im Friedhof an das Opfer der Missionare erinnert. Die Worte der spanischen Bisch\u00f6fe, die die damalige Feier er\u00f6ffneten, sind ganz aktuell geblieben: \u201eM\u00f6ge die Vergebung und der Gro\u00dfmut die Atmosph\u00e4re der neuen Zeiten pr\u00e4gen. Nehmen wir das Erbe derer an, die f\u00fcr ihren Glauben starben und denen vergaben, die sie t\u00f6teten, und ihr Leben f\u00fcr eine Zukunft in Frieden und Gerechtigkeitkeit f\u00fcr alle Spanier anboten.\u201c<\/p>\n<p>Die Entdeckungen von P. Barea, die ihren Ausdruck in mehreren B\u00fcchern und Biographien fanden, und Arbeiten wie die von P. Pedro Garc\u00eda CMF haben den Christen von heute das Leben dieser Martyrer nahegebracht. Der Bischof von Alcal\u00e1 de Henares hat die h\u00f6heren Oberen von \u00fcber zwanzig Ordensgemeinschaften, die Martyrer in Paracuellos haben, zur Konzelebration eingeladen. Die h\u00f6heren Oberen der spanischen Claretiner-Provinzen werden nicht teilnehmen k\u00f6nnen, weil sie dann unterwegs nach Polen sind. So wird P. Aquilino Bocos, der jetzige Superior der Gemeinschaft Buen Suceso, die Kongregation vertreten.<\/p>\n<p><strong>Freiheit und Vergebung<\/strong><\/p>\n<p>Es ist beeindruckend, wenn man sieht, dass im Verzeichnis des Gef\u00e4ngnisses nach jedem von ihren Namen steht: \u201ein Freiheit am 24. November 1936\u201c. In der Tat: <em>in Freiheit;<\/em> in der Freiheit, die Gott Vater den Gl\u00e4ubigen und den Mutigen vorbehalten hat, in der Freiheit, im Sterben dem zu vergeben, der einen erschie\u00dft. Gesegnete Freiheit!<br \/>\n(<strong><a href=\"http:\/\/www2.claret.org\/de\/nachrichten\/25-11-2011\/index.php?option=com_rsgallery2&amp;page=inline&amp;id=1100&amp;Itemid=100262&amp;lang=de\" rel=\"nofollow noopener\" target=\"_blank\">Fotos<\/a><\/strong>)<\/p>\n","protected":false},"excerpt":{"rendered":"<p>Madrid, Spanien. Nach dem Abschluss der Feiern zum 75. Jahrestag der seligen Martyrer von Barbastro, erl\u00f6scht die Erinnerung an die J\u00fcnger Christi, die wegen ihres Glaubens ermordet wurden, im zeitgen\u00f6ssischen Spanien nicht. Am Sonntag, dem 27. November wird auf dem Friedhof von Paracuellos de Jarama in der N\u00e4he von Madrid eine Eucharistiefeier stattfinden, mit der [&hellip;]<\/p>\n","protected":false},"author":1,"featured_media":54712,"comment_status":"closed","ping_status":"closed","sticky":false,"template":"","format":"standard","meta":{"_et_pb_use_builder":"","_et_pb_old_content":"","_et_gb_content_width":"","footnotes":""},"categories":[476],"tags":[],"class_list":["post-54718","post","type-post","status-publish","format-standard","has-post-thumbnail","hentry","category-martyrer-von-barbastro"],"jetpack_featured_media_url":"https:\/\/i0.wp.com\/www.claret.org\/wp-content\/uploads\/2019\/07\/paracuellos1w.jpg?fit=400%2C300&ssl=1","jetpack_sharing_enabled":true,"jetpack_shortlink":"https:\/\/wp.me\/pdaBmi-eey","jetpack_likes_enabled":true,"_links":{"self":[{"href":"https:\/\/www.claret.org\/de\/wp-json\/wp\/v2\/posts\/54718","targetHints":{"allow":["GET"]}}],"collection":[{"href":"https:\/\/www.claret.org\/de\/wp-json\/wp\/v2\/posts"}],"about":[{"href":"https:\/\/www.claret.org\/de\/wp-json\/wp\/v2\/types\/post"}],"author":[{"embeddable":true,"href":"https:\/\/www.claret.org\/de\/wp-json\/wp\/v2\/users\/1"}],"replies":[{"embeddable":true,"href":"https:\/\/www.claret.org\/de\/wp-json\/wp\/v2\/comments?post=54718"}],"version-history":[{"count":0,"href":"https:\/\/www.claret.org\/de\/wp-json\/wp\/v2\/posts\/54718\/revisions"}],"wp:featuredmedia":[{"embeddable":true,"href":"https:\/\/www.claret.org\/de\/wp-json\/wp\/v2\/media\/54712"}],"wp:attachment":[{"href":"https:\/\/www.claret.org\/de\/wp-json\/wp\/v2\/media?parent=54718"}],"wp:term":[{"taxonomy":"category","embeddable":true,"href":"https:\/\/www.claret.org\/de\/wp-json\/wp\/v2\/categories?post=54718"},{"taxonomy":"post_tag","embeddable":true,"href":"https:\/\/www.claret.org\/de\/wp-json\/wp\/v2\/tags?post=54718"}],"curies":[{"name":"wp","href":"https:\/\/api.w.org\/{rel}","templated":true}]}}