{"id":54876,"date":"2011-11-07T18:45:53","date_gmt":"2011-11-07T17:45:53","guid":{"rendered":"https:\/\/www.claret.org\/bischof-von-barbastro-feiert-abschlussgottesdienst-zum-75-jahrestag-der-martyrer-von-barbastro\/"},"modified":"2011-11-07T18:45:53","modified_gmt":"2011-11-07T17:45:53","slug":"bischof-von-barbastro-feiert-abschlussgottesdienst-zum-75-jahrestag-der-martyrer-von-barbastro","status":"publish","type":"post","link":"https:\/\/www.claret.org\/de\/bischof-von-barbastro-feiert-abschlussgottesdienst-zum-75-jahrestag-der-martyrer-von-barbastro\/","title":{"rendered":"Bischof von Barbastro feiert Abschlussgottesdienst zum 75. Jahrestag der Martyrer von Barbastro"},"content":{"rendered":"<p><strong>Barbastro, Spanien.<\/strong> Bischof Alfonso Mili\u00e1n von Barbastro-Monz\u00f3n war im Dom Hauptzelebrant beim Abschlussgottesdienst zum 75. Jahrestag der Claretiner-Martyrer. Der Gottesdienst wurde im 2. Programm des Spanischen Fernsehens im Rahmen der Sendung  \u201eEl d\u00eda del Se\u00f1or\u201c (der Tag des Herrn) direkt \u00fcbertragen.<\/p>\n<div><\/div>\n<p>Zusammen mit dem Bischof zelebrierte eine ansehnliche Zahl von Claretinern, darunter der Provinzial der St. Jakobs-Provinz P. Manuel Tamargo, der Provinzial von Katalonien P. M\u00e0xim Mu\u00f1oz, die Gemeinschaft von Barbastro, der Generalpostulator P. Vicente Pecharrom\u00e1n, der Vizepostulator der St. Jakobs-Provinz P. Jorge M. Ayala und mehrere andere. Bedeutsam war auch die Teilnahme von Di\u00f6zesanpriestern, Ordensleuten aus verschiedenen Kongregationen und zahlreiche Gl\u00e4ubige, die die sch\u00f6ne Kirche f\u00fcllten.<\/p>\n<p>Don Alfonso Mili\u00e1n widmete die Predigt dem \u201eunausl\u00f6schlichen Andenken der Claretiner-Martyrer\u201c und erinnerte an den seligen Johannes Paul II., der von ihnen bei der Seligsprechungsfeier am 25. Oktober 1992 auf dem Petersplatz in Rom als \u201eMartyrerseminar\u201c sprach.<\/p>\n<p>Der Bischof sprach von ihnen als \u201ebewundernswerten jungen Menschen\u201c, und beim Gedenken an sie f\u00fchrte er auch \u201ealle Martyrer, Ordensleute und Laien\u201c aus der Di\u00f6zese an.<\/p>\n<p>Das Video \u00fcber folgenden Link:<br \/>\n<a href=\"http:\/\/www.rtve.es\/alacarta\/videos\/dia-del-senor\/dia-del-senor-barbastro-huesca\/1242228\/\" rel=\"nofollow noopener\" target=\"_blank\">http:\/\/www.rtve.es\/alacarta\/videos\/dia-del-senor\/dia-del-senor-barbastro-huesca\/1242228\/<\/a><\/p>\n","protected":false},"excerpt":{"rendered":"<p>Barbastro, Spanien. Bischof Alfonso Mili\u00e1n von Barbastro-Monz\u00f3n war im Dom Hauptzelebrant beim Abschlussgottesdienst zum 75. Jahrestag der Claretiner-Martyrer. Der Gottesdienst wurde im 2. Programm des Spanischen Fernsehens im Rahmen der Sendung \u201eEl d\u00eda del Se\u00f1or\u201c (der Tag des Herrn) direkt \u00fcbertragen. Zusammen mit dem Bischof zelebrierte eine ansehnliche Zahl von Claretinern, darunter der Provinzial der [&hellip;]<\/p>\n","protected":false},"author":1,"featured_media":54870,"comment_status":"closed","ping_status":"closed","sticky":false,"template":"","format":"standard","meta":{"_et_pb_use_builder":"","_et_pb_old_content":"","_et_gb_content_width":"","footnotes":""},"categories":[435,476],"tags":[],"class_list":["post-54876","post","type-post","status-publish","format-standard","has-post-thumbnail","hentry","category-informationstechnologie-und-kommunikation","category-martyrer-von-barbastro"],"jetpack_featured_media_url":"https:\/\/i0.wp.com\/www.claret.org\/wp-content\/uploads\/2019\/07\/Barbastro_clausura.jpg?fit=450%2C337&ssl=1","jetpack_sharing_enabled":true,"jetpack_shortlink":"https:\/\/wp.me\/pdaBmi-eh6","jetpack_likes_enabled":true,"_links":{"self":[{"href":"https:\/\/www.claret.org\/de\/wp-json\/wp\/v2\/posts\/54876","targetHints":{"allow":["GET"]}}],"collection":[{"href":"https:\/\/www.claret.org\/de\/wp-json\/wp\/v2\/posts"}],"about":[{"href":"https:\/\/www.claret.org\/de\/wp-json\/wp\/v2\/types\/post"}],"author":[{"embeddable":true,"href":"https:\/\/www.claret.org\/de\/wp-json\/wp\/v2\/users\/1"}],"replies":[{"embeddable":true,"href":"https:\/\/www.claret.org\/de\/wp-json\/wp\/v2\/comments?post=54876"}],"version-history":[{"count":0,"href":"https:\/\/www.claret.org\/de\/wp-json\/wp\/v2\/posts\/54876\/revisions"}],"wp:featuredmedia":[{"embeddable":true,"href":"https:\/\/www.claret.org\/de\/wp-json\/wp\/v2\/media\/54870"}],"wp:attachment":[{"href":"https:\/\/www.claret.org\/de\/wp-json\/wp\/v2\/media?parent=54876"}],"wp:term":[{"taxonomy":"category","embeddable":true,"href":"https:\/\/www.claret.org\/de\/wp-json\/wp\/v2\/categories?post=54876"},{"taxonomy":"post_tag","embeddable":true,"href":"https:\/\/www.claret.org\/de\/wp-json\/wp\/v2\/tags?post=54876"}],"curies":[{"name":"wp","href":"https:\/\/api.w.org\/{rel}","templated":true}]}}