{"id":55192,"date":"2011-10-14T10:46:48","date_gmt":"2011-10-14T08:46:48","guid":{"rendered":"https:\/\/www.claret.org\/superiorentreffen-der-st-jakobs-provinz\/"},"modified":"2011-10-14T10:46:48","modified_gmt":"2011-10-14T08:46:48","slug":"superiorentreffen-der-st-jakobs-provinz","status":"publish","type":"post","link":"https:\/\/www.claret.org\/de\/superiorentreffen-der-st-jakobs-provinz\/","title":{"rendered":"Superiorentreffen der St. Jakobs-Provinz"},"content":{"rendered":"<p><strong>Colmenar Viejo.<\/strong> In der St. Jakobs-Provinz ist es seit ihrer Entstehung im Jahr 2007 \u00fcblich, dass einmal im Jahr die Superioren zusammenkommen (wobei aus Sparsamkeitsgr\u00fcnden der Superior von St. Petersburg und Murmansk nicht eingeladen ist). Es kamen also am 7. Oktober 37 Superioren zusammen, um zusammen mit der Provinzleitung das Leben der Provinz zu \u00fcberpr\u00fcfen, Hinweise zur \u00dcberarbeitung der Gemeinschaftspl\u00e4ne und Hilfe zur F\u00f6rderung der Schmiedefeuer-Erfahrung in den Hausgemeinschaften zu erhalten.<\/p>\n<p>Der Tag begann mit der Eucharistiefeier, bei der P. Provinzial Manuel A. Tamargo Hauptzelebrant war, mit dem die Superioren der Gemeinschaften von Segovia (wo die Kongregation im November vor 150 Jahren hinkam) und Elda (Alicante), wo die Provinz gerade eine Pfarrei \u00fcbernommen hat, in der die Arbeiterfamilien und die Zigeunerbev\u00f6lkerung vorherrschend sind und wo die Kongregation erst seit zwei Wochen ist, am Altar standen.<\/p>\n<p>In einem Monat werden die Superioren der St. Jakobs-Provinz mit allen anderen Superioren der Iberischen Halbinsel an einem Fortbildungstreffen teilnehmen. Nachdem ihre beiden Gemeinschaften in Paraguay in die neue St. Josefs-S\u00fcdprovinz eingegliedert wurden, z\u00e4hlt die St. Jakobs-Provinz derzeit 38 Gemeinschaften: Paris (Frankreich), Z\u00fcrich (Schweiz), St. Petersburg\/Murmansk (Russland) und 35 in Spanien.<\/p>\n","protected":false},"excerpt":{"rendered":"<p>Colmenar Viejo. In der St. Jakobs-Provinz ist es seit ihrer Entstehung im Jahr 2007 \u00fcblich, dass einmal im Jahr die Superioren zusammenkommen (wobei aus Sparsamkeitsgr\u00fcnden der Superior von St. Petersburg und Murmansk nicht eingeladen ist). Es kamen also am 7. Oktober 37 Superioren zusammen, um zusammen mit der Provinzleitung das Leben der Provinz zu \u00fcberpr\u00fcfen, [&hellip;]<\/p>\n","protected":false},"author":1,"featured_media":55186,"comment_status":"closed","ping_status":"closed","sticky":false,"template":"","format":"standard","meta":{"_et_pb_use_builder":"","_et_pb_old_content":"","_et_gb_content_width":"","footnotes":""},"categories":[337],"tags":[],"class_list":["post-55192","post","type-post","status-publish","format-standard","has-post-thumbnail","hentry","category-santiago-de"],"jetpack_featured_media_url":"https:\/\/i0.wp.com\/www.claret.org\/wp-content\/uploads\/2019\/07\/SantiagoSuperiores.jpg?fit=450%2C284&ssl=1","jetpack_sharing_enabled":true,"jetpack_shortlink":"https:\/\/wp.me\/pdaBmi-emc","jetpack_likes_enabled":true,"_links":{"self":[{"href":"https:\/\/www.claret.org\/de\/wp-json\/wp\/v2\/posts\/55192","targetHints":{"allow":["GET"]}}],"collection":[{"href":"https:\/\/www.claret.org\/de\/wp-json\/wp\/v2\/posts"}],"about":[{"href":"https:\/\/www.claret.org\/de\/wp-json\/wp\/v2\/types\/post"}],"author":[{"embeddable":true,"href":"https:\/\/www.claret.org\/de\/wp-json\/wp\/v2\/users\/1"}],"replies":[{"embeddable":true,"href":"https:\/\/www.claret.org\/de\/wp-json\/wp\/v2\/comments?post=55192"}],"version-history":[{"count":0,"href":"https:\/\/www.claret.org\/de\/wp-json\/wp\/v2\/posts\/55192\/revisions"}],"wp:featuredmedia":[{"embeddable":true,"href":"https:\/\/www.claret.org\/de\/wp-json\/wp\/v2\/media\/55186"}],"wp:attachment":[{"href":"https:\/\/www.claret.org\/de\/wp-json\/wp\/v2\/media?parent=55192"}],"wp:term":[{"taxonomy":"category","embeddable":true,"href":"https:\/\/www.claret.org\/de\/wp-json\/wp\/v2\/categories?post=55192"},{"taxonomy":"post_tag","embeddable":true,"href":"https:\/\/www.claret.org\/de\/wp-json\/wp\/v2\/tags?post=55192"}],"curies":[{"name":"wp","href":"https:\/\/api.w.org\/{rel}","templated":true}]}}