{"id":55216,"date":"2011-10-07T10:55:00","date_gmt":"2011-10-07T08:55:00","guid":{"rendered":"https:\/\/www.claret.org\/der-qualifizierte-dienst-der-kongregation-im-akademischen-bereich\/"},"modified":"2011-10-07T10:55:00","modified_gmt":"2011-10-07T08:55:00","slug":"der-qualifizierte-dienst-der-kongregation-im-akademischen-bereich","status":"publish","type":"post","link":"https:\/\/www.claret.org\/de\/der-qualifizierte-dienst-der-kongregation-im-akademischen-bereich\/","title":{"rendered":"Der qualifizierte Dienst der Kongregation im akademischen Bereich"},"content":{"rendered":"<p><strong>Rom.<\/strong> Vom 28. September bis 1. Oktober findet in Rom ein Treffen der Direktoren der Hochschulen, die von der Kongregation gef\u00fchrt werden, statt. Neben P. General nehmen folgende Patres teil: Gonzalo Fern\u00e1ndez (Generalpr\u00e4fekt f\u00fcr Spiritualit\u00e4t), Miguel \u00c1ngel Velasco (Generalpr\u00e4fekt f\u00fcr das Apostolat),<\/p>\n<div><\/div>\n<p>Jos\u00e9-F\u00e9lix Valderr\u00e1bano (Generalsekre\u00e4tr und Delegierter Oberer des Claretianum und des Institutum Iuridicum), Konrad Pucher (Direktor der Philosophisch-Theologischen Hochschule C\u00f3rdoba in Argentinien), Luis C. Botteon (Direktor des Universit\u00e4ren Zentrums der Claretiner in Batatais in Brasilien),  Sammy Canilang (Direktor des Instituts f\u00fcr das Ordensleben in Asien in Manila auf den Philippinen), Xavier Manavath (Driektor des Instituts f\u00fcr das Ordensleben \u201eSanyasa\u201c in Bangalore in Indien), Josu Alday (Drektor des Claretianum in Rom), Elias Ayuban (vertreter des Institutum Iuridicum in Rom), Jaume S\u00e1nchez Bosch (Direktor der Theologischen Hochschule Curitiba in Brasilien), und Jos\u00e9 Cristo Rey Garc\u00eda Paredes (stellvertretender Direktor des theologischen Instituts f\u00fcr das Ordenselben in Madrid).<\/p>\n<p>Das Treffen will das vorige im Jahr 2005 fortsetzen und den Auftrag des 24. Generalkapitels umsetzen, das verlangt, dem \u201equalifizierten Dienst, den unsere Kongregation f\u00fcr das Ordensleben leistet\u201c (<em>Menschen, die in Liebe brennen,<\/em> 61.6) Aufmerksamkeit zu widmen. Die Einladung wurde jedoch auf die \u00fcbrigen Hochschulen ausgedehnt, insoweit sie Plattformen der Kongregation sind, die eine ernsthafte Reflexion beitragen k\u00f6nnen zur Antwort auf die Herausforderungen der Verk\u00fcndigung des Evangeliums (vgl. <em>Menschen, die in Liebe brennen,<\/em> 61.6 und Dossier des Treffens mit den h\u00f6heren Orben im September 2010 in Colmenar Viejo).<\/p>\n<p>In seinem Einladungsschreiben hat P. General die drei Ziele angegeben, die f\u00fcr dieses Treffen vorgeschlagen werden: 1. mit gr\u00f6\u00dftem Realit\u00e4tssinn die Ressourcen bestimmen im Hinblick auf die Kontinuit\u00e4t und das Wachstum unserer Einrichtungen, die Strategien der Zusammenarbeit miteinander, ihre Chancen usw.; 2. die Themen bestimmen, die allen gemeinsam Sorge machen, und die Herausforderungen f\u00fcr die Zukunft; 3. \u00dcberlegungen zu weiteren konkreten Themen.<\/p>\n","protected":false},"excerpt":{"rendered":"<p>Rom. Vom 28. September bis 1. Oktober findet in Rom ein Treffen der Direktoren der Hochschulen, die von der Kongregation gef\u00fchrt werden, statt. Neben P. General nehmen folgende Patres teil: Gonzalo Fern\u00e1ndez (Generalpr\u00e4fekt f\u00fcr Spiritualit\u00e4t), Miguel \u00c1ngel Velasco (Generalpr\u00e4fekt f\u00fcr das Apostolat), Jos\u00e9-F\u00e9lix Valderr\u00e1bano (Generalsekre\u00e4tr und Delegierter Oberer des Claretianum und des Institutum Iuridicum), Konrad [&hellip;]<\/p>\n","protected":false},"author":1,"featured_media":55210,"comment_status":"closed","ping_status":"closed","sticky":false,"template":"","format":"standard","meta":{"_et_pb_use_builder":"","_et_pb_old_content":"","_et_gb_content_width":"","footnotes":""},"categories":[531,520,1616,536],"tags":[],"class_list":["post-55216","post","type-post","status-publish","format-standard","has-post-thumbnail","hentry","category-claretinerfamilie","category-generalgouvernement","category-josep-abella-batlle-de","category-kongregation"],"jetpack_featured_media_url":"https:\/\/i0.wp.com\/www.claret.org\/wp-content\/uploads\/2019\/07\/Rome_EDCES_.jpg?fit=450%2C293&ssl=1","jetpack_sharing_enabled":true,"jetpack_shortlink":"https:\/\/wp.me\/pdaBmi-emA","jetpack_likes_enabled":true,"_links":{"self":[{"href":"https:\/\/www.claret.org\/de\/wp-json\/wp\/v2\/posts\/55216","targetHints":{"allow":["GET"]}}],"collection":[{"href":"https:\/\/www.claret.org\/de\/wp-json\/wp\/v2\/posts"}],"about":[{"href":"https:\/\/www.claret.org\/de\/wp-json\/wp\/v2\/types\/post"}],"author":[{"embeddable":true,"href":"https:\/\/www.claret.org\/de\/wp-json\/wp\/v2\/users\/1"}],"replies":[{"embeddable":true,"href":"https:\/\/www.claret.org\/de\/wp-json\/wp\/v2\/comments?post=55216"}],"version-history":[{"count":0,"href":"https:\/\/www.claret.org\/de\/wp-json\/wp\/v2\/posts\/55216\/revisions"}],"wp:featuredmedia":[{"embeddable":true,"href":"https:\/\/www.claret.org\/de\/wp-json\/wp\/v2\/media\/55210"}],"wp:attachment":[{"href":"https:\/\/www.claret.org\/de\/wp-json\/wp\/v2\/media?parent=55216"}],"wp:term":[{"taxonomy":"category","embeddable":true,"href":"https:\/\/www.claret.org\/de\/wp-json\/wp\/v2\/categories?post=55216"},{"taxonomy":"post_tag","embeddable":true,"href":"https:\/\/www.claret.org\/de\/wp-json\/wp\/v2\/tags?post=55216"}],"curies":[{"name":"wp","href":"https:\/\/api.w.org\/{rel}","templated":true}]}}