{"id":55729,"date":"2011-07-25T10:08:24","date_gmt":"2011-07-25T08:08:24","guid":{"rendered":"https:\/\/www.claret.org\/auf-die-wirklichkeit-horen-16-generalkapitel-der-claretinerinnen\/"},"modified":"2011-07-25T10:08:24","modified_gmt":"2011-07-25T08:08:24","slug":"auf-die-wirklichkeit-horen-16-generalkapitel-der-claretinerinnen","status":"publish","type":"post","link":"https:\/\/www.claret.org\/de\/auf-die-wirklichkeit-horen-16-generalkapitel-der-claretinerinnen\/","title":{"rendered":"Auf die Wirklichkeit h\u00f6ren: 16. Generalkapitel der Claretinerinnen"},"content":{"rendered":"<div class=\"field field-name-body field-type-text-with-summary field-label-hidden\">\n<div class=\"field-items\">\n<div class=\"field-item even\">\n<p><strong>Galapagar (Madrid), Spanien. <\/strong>Am Montag, dem 18. Juli hat an diesem Ort das 16. Generalkapitel der Claretiner-Missionarinnen begonnen.<\/p>\n<p>Teilnehmerinnen sind 40 Schwestern aus den Provinzen Argentinien, Kolumbien, Spanien-Nord, Spanien-S\u00fcd, aus den Vizeprovinzen Asien und Italien und aus den Delegationen Afrika, Vereinigte Staaten, Osteuropa und Venezuela.<\/p>\n<div>\n<p>Am Tag vor der Er\u00f6ffnung fand ein Workshop statt mit den Schwestern, die zum ersten Mal an einem Kapitel teilnehmen.<\/p>\n<p>Am 19. Juli befasste man sich mit einer Zusammenfassung der Analyse der Verh\u00e4ltnisse auf der Welt, die mit der Perspektive einer jeden Region, in der die Schwestern ihren missionarischen Dienst leisten, erg\u00e4nzt wurde.<\/p>\n<p>Am 20. Juli hat P. Josep M. Abella, der Generalobere der Claretiner-Missionare, mit den Kapitelsteilnehmerinnen \u00fcber seine Erfahrung mit der Reorganisation der Kongregation gesprochen.<\/p>\n<p>Mit der Abhaltung dieses Kapitels suchen die Claretiner-Missionarinnen gemeinsam als \u201eeine Familie und ein Herz\u201c den Willen Gottes, um den apostolischen Geist ihrer Gr\u00fcnder Mutter Par\u00eds und Pater Claret in unsere Zeit zu \u00fcbersetzen.<\/p>\n<p>Man kann das Kapitel verfolgen auf dem Blog: <a href=\"http:\/\/claretianas.wordpress.com\/capitulares\/\" target=\"_blank\" rel=\"noopener noreferrer nofollow\">http:\/\/claretianas.wordpress.<wbr \/><wbr \/><wbr \/><wbr \/><wbr \/><wbr \/><wbr \/><wbr \/>com\/capitulares\/<\/a><\/p>\n<\/div>\n<\/div>\n<\/div>\n<\/div>\n","protected":false},"excerpt":{"rendered":"<p>Galapagar (Madrid), Spanien. Am Montag, dem 18. Juli hat an diesem Ort das 16. Generalkapitel der Claretiner-Missionarinnen begonnen. Teilnehmerinnen sind 40 Schwestern aus den Provinzen Argentinien, Kolumbien, Spanien-Nord, Spanien-S\u00fcd, aus den Vizeprovinzen Asien und Italien und aus den Delegationen Afrika, Vereinigte Staaten, Osteuropa und Venezuela. Am Tag vor der Er\u00f6ffnung fand ein Workshop statt mit [&hellip;]<\/p>\n","protected":false},"author":1,"featured_media":55723,"comment_status":"closed","ping_status":"closed","sticky":false,"template":"","format":"standard","meta":{"_et_pb_use_builder":"","_et_pb_old_content":"","_et_gb_content_width":"","footnotes":""},"categories":[531,420,536],"tags":[],"class_list":["post-55729","post","type-post","status-publish","format-standard","has-post-thumbnail","hentry","category-claretinerfamilie","category-geweihtes-leben","category-kongregation"],"jetpack_featured_media_url":"https:\/\/i0.wp.com\/www.claret.org\/wp-content\/uploads\/2019\/07\/RMI_Capit_web.jpg?fit=450%2C338&ssl=1","jetpack_sharing_enabled":true,"jetpack_shortlink":"https:\/\/wp.me\/pdaBmi-euR","jetpack_likes_enabled":true,"_links":{"self":[{"href":"https:\/\/www.claret.org\/de\/wp-json\/wp\/v2\/posts\/55729","targetHints":{"allow":["GET"]}}],"collection":[{"href":"https:\/\/www.claret.org\/de\/wp-json\/wp\/v2\/posts"}],"about":[{"href":"https:\/\/www.claret.org\/de\/wp-json\/wp\/v2\/types\/post"}],"author":[{"embeddable":true,"href":"https:\/\/www.claret.org\/de\/wp-json\/wp\/v2\/users\/1"}],"replies":[{"embeddable":true,"href":"https:\/\/www.claret.org\/de\/wp-json\/wp\/v2\/comments?post=55729"}],"version-history":[{"count":0,"href":"https:\/\/www.claret.org\/de\/wp-json\/wp\/v2\/posts\/55729\/revisions"}],"wp:featuredmedia":[{"embeddable":true,"href":"https:\/\/www.claret.org\/de\/wp-json\/wp\/v2\/media\/55723"}],"wp:attachment":[{"href":"https:\/\/www.claret.org\/de\/wp-json\/wp\/v2\/media?parent=55729"}],"wp:term":[{"taxonomy":"category","embeddable":true,"href":"https:\/\/www.claret.org\/de\/wp-json\/wp\/v2\/categories?post=55729"},{"taxonomy":"post_tag","embeddable":true,"href":"https:\/\/www.claret.org\/de\/wp-json\/wp\/v2\/tags?post=55729"}],"curies":[{"name":"wp","href":"https:\/\/api.w.org\/{rel}","templated":true}]}}